{"id":13906,"date":"2023-08-03T19:53:29","date_gmt":"2023-08-03T23:53:29","guid":{"rendered":"https:\/\/www.semanariolocal.cl\/?p=13906"},"modified":"2023-08-03T19:53:30","modified_gmt":"2023-08-03T23:53:30","slug":"pacto-fiscal-ministro-marcel-detalla-medidas-para-impulsar-la-inversion","status":"publish","type":"post","link":"https:\/\/www.semanariolocal.cl\/?p=13906","title":{"rendered":"Pacto Fiscal: Ministro Marcel detalla medidas para impulsar la inversi\u00f3n"},"content":{"rendered":"\n<p>Tras informar ayer los principales aspectos de la propuesta de Pacto Fiscal del Gobierno, el ministro de Hacienda, Mario Marcel, profundiz\u00f3 hoy sobre las medidas incluidas para impulsar la inversi\u00f3n en el pa\u00eds, iniciativas que est\u00e1n incluidas en el cuarto eje sobre \u00abImpulso al Crecimiento\u00bb.<\/p>\n\n\n\n<p>En total son 13 medidas en materia de inversi\u00f3n que abarcan tres \u00e1mbitos: est\u00edmulos tributarios, racionalizaci\u00f3n regulatoria (o de los permisos) y desarrollo de inversi\u00f3n p\u00fablica en infraestructura. \u00abLo que buscamos es recuperar tasas de inversi\u00f3n del orden del 27% del PIB, que es m\u00e1s o menos lo que tuvimos entre 2008 y 2014. Eso significa, por lo tanto, aumentar entre cuatro y cinco puntos porcentuales del PIB el peso de la inversi\u00f3n. El efecto que tiene sobre el crecimiento es algo que hay que medir, porque normalmente uno tiene que considerar c\u00f3mo va evolucionando la fracci\u00f3n que corresponde a depreciaci\u00f3n, que es la reposici\u00f3n del capital que se va ampliando. As\u00ed que esto es parte del trabajo que deber\u00eda hacer el Comit\u00e9 de Expertos en materia de crecimiento tendencial y espacio fiscal\u00bb, explic\u00f3 la autoridad.<\/p>\n\n\n\n<p>En ese contexto, Marcel destac\u00f3 el crecimiento del catastro de proyectos de inversi\u00f3n privada, que seg\u00fan el \u00faltimo reporte de la Corporaci\u00f3n de Bienes de Capital a junio de este a\u00f1o totalizaba US$ 37.847 millones para el per\u00edodo 2023 &#8211; 2027, lo que implica un incremento de 35% respecto al anterior reporte de marzo pasado. \u00abAun cuando en la actualidad la inversi\u00f3n que se est\u00e1 materializando sea baja, en buena medida debido a la evoluci\u00f3n de la situaci\u00f3n macroecon\u00f3mica y de las condiciones financieras, tambi\u00e9n vemos que se empiezan a sumar nuevos proyectos a estos catastros y eso significa una inflexi\u00f3n muy importante en lo que ha sido la tendencia del registro de proyectos de inversi\u00f3n futuro\u00bb, coment\u00f3, al agregar que la mayor parte del aumento corresponde al sector minero.<\/p>\n\n\n\n<p>&nbsp;Sobre este \u00faltimo punto, agreg\u00f3 que \u00abcuando discut\u00edamos sobre el Royalty se dec\u00eda que iba a afectar la inversi\u00f3n minera. Ahora vemos que, una vez que resolvimos el tema, una vez que se despej\u00f3 la incertidumbre en torno a la tributaci\u00f3n a la miner\u00eda, empiezan a activarse proyectos importantes de inversi\u00f3n\u00bb.<\/p>\n\n\n\n<h2 class=\"wp-block-heading\">Detalle de las medidas<\/h2>\n\n\n\n<p>Para lograr la meta en inversi\u00f3n establecida, el ministro detall\u00f3 las 13 iniciativas incluidas en el Pacto Fiscal. Estas son:<\/p>\n\n\n\n<h3 class=\"wp-block-heading\">Incentivos tributarios<\/h3>\n\n\n\n<p>1. Depreciaci\u00f3n semi instant\u00e1nea: R\u00e9gimen extraordinario transitorio por dos a\u00f1os, que permite que el 50% de las inversiones en activo fijo realizadas dentro del primer a\u00f1o -asociados a nuevos proyectos de inversi\u00f3n-, puedan ser depreciados de forma instant\u00e1nea, mientras el 50% restante quede sujeto a depreciaci\u00f3n acelerada. Esta medida, explic\u00f3 el ministro, es \u00abc\u00f3mo si el Estado estuviera dando un pr\u00e9stamo al inversionista a tasa cero. Por lo tanto, es importante para empresas que tienen limitaciones en el acceso al cr\u00e9dito o en momentos en que las tasas de inter\u00e9s son altas\u00bb.<\/p>\n\n\n\n<p>2. Fondo de cr\u00e9ditos tributarios para inversiones con efecto multiplicador: Establecer un Fondo de cr\u00e9ditos tributarios contra el futuro pago del impuesto de Primera Categor\u00eda, para inversiones con un efecto multiplicador sobre la actividad, el empleo y la sostenibilidad. El acceso se efectuar\u00eda mediante postulaci\u00f3n de proyectos y selecci\u00f3n en base a indicadores estandarizados. Permitir\u00eda apalancar nueva inversi\u00f3n por hasta tres veces los montos involucrados.<\/p>\n\n\n\n<p>3. Reducci\u00f3n transitoria del impuesto de timbres y estampillas: Se reducir\u00e1 transitoriamente este impuesto, que grava las transacciones financieras, de modo de reducir el costo del cr\u00e9dito en la econom\u00eda.<\/p>\n\n\n\n<p>4. Incentivos a la inversi\u00f3n de Pyme: Ampliaci\u00f3n de beneficio a la reinversi\u00f3n de utilidades a todas las empresas en los reg\u00edmenes Pyme, incluyendo aquellas acogidas al r\u00e9gimen transparente (las que actualmente no est\u00e1n incluidas en el beneficio).<\/p>\n\n\n\n<h3 class=\"wp-block-heading\">Racionalizaci\u00f3n regulatoria<\/h3>\n\n\n\n<p>5. Evaluaci\u00f3n de impacto ambiental: Proyecto de ley de reforma al Sistema de Evaluaci\u00f3n de Impacto Ambiental. \u00bb Esto deber\u00eda acortar el tiempo de tramitaci\u00f3n de las evaluaciones de impacto ambiental en un a\u00f1o o m\u00e1s. Como ha se\u00f1alado recientemente la directora del Servicio, esto involucrar\u00eda la eliminaci\u00f3n de la instancia del Comit\u00e9 de Ministros y adelantar\u00eda la instancia en la cual se produce una evaluaci\u00f3n a nivel de la regi\u00f3n\u00bb, explic\u00f3 Marcel.<\/p>\n\n\n\n<p>6. Monumentos Nacionales y Concesiones Mar\u00edtimas: Reformas legales a dos de los permisos que presentan mayor nivel de retraso. En particular, en el caso de las concesiones mar\u00edtimas, se propone traspasar esa facultad desde el Ministerio de Defensa al de Bienes Nacionales.<\/p>\n\n\n\n<p>7. Permisos sectoriales: Proyecto de ley para simplificar los procedimientos de tramitaci\u00f3n de proyectos de inversi\u00f3n y reducir de forma sustantiva sus tiempos de tramitaci\u00f3n, resguardando la calidad de los proyectos.<\/p>\n\n\n\n<p>8. M\u00e9tricas de monitoreo: Marco de monitoreo para lograr reducir los tiempos de tramitaci\u00f3n en al menos un tercio.<\/p>\n\n\n\n<h3 class=\"wp-block-heading\">Inversi\u00f3n p\u00fablica<\/h3>\n\n\n\n<p>9. Impulsar una visi\u00f3n estrat\u00e9gica y de largo plazo sobre infraestructura: Crear una Comisi\u00f3n Asesora de Pol\u00edticas de Infraestructura Nacional, encargada de generar un plan de largo plazo, focalizado en \u00e1reas claves para el desarrollo y la competitividad.<\/p>\n\n\n\n<p>10. Ampliar y agilizar el programa de concesiones: Se considera la cartera de proyectos anunciada para 2023-2026, convenios complementarios y exploraci\u00f3n de nuevas \u00e1reas, como plantas desaladoras.<\/p>\n\n\n\n<p>11. Elevar la eficiencia log\u00edstica en torno al transporte de carga internacional: Incluye la elaboraci\u00f3n de una ley de puertos, la agilizaci\u00f3n de inversiones en infraestructura portuaria y en la log\u00edstica para el transporte y transferencia de carga.<\/p>\n\n\n\n<p>12. Plan especial de reactivaci\u00f3n de la Construcci\u00f3n: Flexibilizarlos requisitos para que las empresas constructoras accedan al programa FOGAES, aumentando la cobertura de la garant\u00eda fiscal; eliminar transitoriamente el impuesto de timbres y estampillas en operaciones de cr\u00e9dito hipotecario; ampliar la cobertura del sistema de confirming a otros bancos; y acelerar la entrega de viviendas del Plan de Emergencia Habitacional.<\/p>\n\n\n\n<p>13. Plan de Inversi\u00f3n en Infraestructura y Gesti\u00f3n H\u00eddrica: Se ejecutar\u00e1 un plan de mediano y largo plazo para mitigar el impacto productivo de la escasez h\u00eddrica, incluyendo inversiones en embalses y obras de regad\u00edo, plantas desaladoras, cuencas hidrogr\u00e1ficas, y reutilizaci\u00f3n de aguas.<\/p>\n","protected":false},"excerpt":{"rendered":"<p>En total, el Pacto Fiscal contiene 13 iniciativas pro inversi\u00f3n que incluyen incentivos tributarios, racionalizaci\u00f3n regulatoria y de permisos, lo que se suma a un impulso por m\u00e1s infraestructura p\u00fablica. Mario Marcel: \u00abLo que buscamos es recuperar tasas de inversi\u00f3n del orden del 27% del PIB, que es m\u00e1s o menos lo que tuvimos entre 2008 y 2014\u00bb, se\u00f1al\u00f3 la autoridad.<\/p>\n","protected":false},"author":1,"featured_media":13907,"comment_status":"closed","ping_status":"closed","sticky":false,"template":"","format":"standard","meta":{"footnotes":""},"categories":[3,12,9],"tags":[337,273,132,2097,113,247,133],"class_list":["post-13906","post","type-post","status-publish","format-standard","has-post-thumbnail","hentry","category-al-dia","category-economia","category-gobierno","tag-informacion","tag-noticias","tag-osorno","tag-pactofiscal","tag-puerto-montt","tag-region-de-los-lagos","tag-semanario-local"],"_links":{"self":[{"href":"https:\/\/www.semanariolocal.cl\/index.php?rest_route=\/wp\/v2\/posts\/13906","targetHints":{"allow":["GET"]}}],"collection":[{"href":"https:\/\/www.semanariolocal.cl\/index.php?rest_route=\/wp\/v2\/posts"}],"about":[{"href":"https:\/\/www.semanariolocal.cl\/index.php?rest_route=\/wp\/v2\/types\/post"}],"author":[{"embeddable":true,"href":"https:\/\/www.semanariolocal.cl\/index.php?rest_route=\/wp\/v2\/users\/1"}],"replies":[{"embeddable":true,"href":"https:\/\/www.semanariolocal.cl\/index.php?rest_route=%2Fwp%2Fv2%2Fcomments&post=13906"}],"version-history":[{"count":1,"href":"https:\/\/www.semanariolocal.cl\/index.php?rest_route=\/wp\/v2\/posts\/13906\/revisions"}],"predecessor-version":[{"id":13908,"href":"https:\/\/www.semanariolocal.cl\/index.php?rest_route=\/wp\/v2\/posts\/13906\/revisions\/13908"}],"wp:featuredmedia":[{"embeddable":true,"href":"https:\/\/www.semanariolocal.cl\/index.php?rest_route=\/wp\/v2\/media\/13907"}],"wp:attachment":[{"href":"https:\/\/www.semanariolocal.cl\/index.php?rest_route=%2Fwp%2Fv2%2Fmedia&parent=13906"}],"wp:term":[{"taxonomy":"category","embeddable":true,"href":"https:\/\/www.semanariolocal.cl\/index.php?rest_route=%2Fwp%2Fv2%2Fcategories&post=13906"},{"taxonomy":"post_tag","embeddable":true,"href":"https:\/\/www.semanariolocal.cl\/index.php?rest_route=%2Fwp%2Fv2%2Ftags&post=13906"}],"curies":[{"name":"wp","href":"https:\/\/api.w.org\/{rel}","templated":true}]}}