{"id":13903,"date":"2023-08-02T19:33:02","date_gmt":"2023-08-02T23:33:02","guid":{"rendered":"https:\/\/www.semanariolocal.cl\/?p=13903"},"modified":"2023-08-03T19:39:25","modified_gmt":"2023-08-03T23:39:25","slug":"en-hospital-de-purranque-apoyan-reduccion-de-lista-de-espera-pediatrica","status":"publish","type":"post","link":"https:\/\/www.semanariolocal.cl\/?p=13903","title":{"rendered":"En Hospital de Purranque apoyan reducci\u00f3n de lista de espera pedi\u00e1trica"},"content":{"rendered":"\n<p>En el Hospital de Purranque&nbsp;(HPU), como parte de la Red Asistencial del&nbsp;Servicio de Salud Osorno&nbsp;(SSO), los equipos cl\u00ednicos y gestores contin\u00faan contribuyendo con la resoluci\u00f3n de la&nbsp;lista de espera m\u00e1s antigua de la macrozona sur, poniendo a disposici\u00f3n sus pabellones, personal y equipos, esta vez para la realizaci\u00f3n de&nbsp;cirug\u00edas pedi\u00e1tricas de pacientes de la vecina regi\u00f3n de Los R\u00edos.<\/p>\n\n\n\n<p>Seg\u00fan explicaron desde el centro asistencial purranquino, la iniciativa fue gestionada desde el propio establecimiento con la Direcci\u00f3n del SSO -a trav\u00e9s de la Subdirecci\u00f3n de Gesti\u00f3n Asistencial y su Departamento de Articulaci\u00f3n de la Red- en coordinaci\u00f3n con el Servicio de Salud Los R\u00edos; con el fin de resolver cirug\u00edas infantiles (9 a la fecha) dada la disponibilidad de pabell\u00f3n, esto a trav\u00e9s de un plan quir\u00fargico dirigido por el m\u00e9dico cirujano infantil, Dr. Juan Pablo Valdivieso.<\/p>\n\n\n\n<p>Para ello se llev\u00f3 a cabo una coordinaci\u00f3n entre el Dr. Valdivieso y el jefe de servicio de Cirug\u00eda Infantil del Hospital de Valdivia, Dr. Wilson Lagos, en una amplia colaboraci\u00f3n entre las unidades pre-quir\u00fargicas de Hospital de Purranque y su par valdiviano.&nbsp;<\/p>\n\n\n\n<p>Esta resoluci\u00f3n se inici\u00f3 el 18 de julio del presente, con pacientes de la vecina regi\u00f3n y dentro de las principales patolog\u00edas se encuentran: fimosis, criptorquidia y hernias inguinales, entre otras. Por otro lado, en coordinaci\u00f3n con la especialista en cirug\u00eda pl\u00e1stica del Hospital Roberto del R\u00edo, Dra. Valentina Broussain, se han realizado intervenciones est\u00e9ticas correctivas en ni\u00f1os(as), afectados(as) por malformaciones del pabell\u00f3n auricular o secuelas de quemaduras.<\/p>\n\n\n\n<p>Al respecto, la Directora (S) del Hospital de Purranque, Dra. Alicia Paredes, detall\u00f3 que \u201cactualmente, a trav\u00e9s de una coordinaci\u00f3n con el Servicio de Salud de Los R\u00edos, se est\u00e1n realizando cirug\u00edas de mediana complejidad de pacientes de la lista de espera m\u00e1s antigua del Hospital de Valdivia; son cirug\u00edas pedi\u00e1tricas, tras una coordinaci\u00f3n principalmente de nuestro cirujano infantil, el Dr. Valdivieso, quien se puso en contacto dado que tenemos disponibilidad de nuestro pabell\u00f3n\u201d.<\/p>\n\n\n\n<p>\u201cPara esto ha habido una amplia coordinaci\u00f3n entre los directivos del Servicio de Salud Osorno, junto con la Direcci\u00f3n del Hospital de Purranque, con el Servicio de Salud de Los R\u00edos y el Hospital de Valdivia; con la idea de ser solidarios, pues somos una red que traspasa la provincia y si hay requerimientos en otras zonas geogr\u00e1ficas y nosotros disponemos de pabell\u00f3n, tenemos que ponerlo a disposici\u00f3n y eso es lo que estamos haciendo\u201d, puntualiz\u00f3 la profesional.<\/p>\n\n\n\n<p>Cabe destacar que estas iniciativas no ser\u00edan posibles sin el trabajo de los funcionarios(as) de los servicios y hospitales involucrados, quienes, en sus diversas labores -tanto asistenciales como de gesti\u00f3n- han permitido que dichas acciones se concreten. Es as\u00ed que desde el HPU esperan continuar con estas cirug\u00edas durante las semanas siguientes, mientras que, respecto de la lista de espera local, esta se resuelve en el Hospital Base San Jos\u00e9 de Osorno y tambi\u00e9n con el apoyo del mismo recinto asistencial de Purranque.&nbsp;&nbsp;<\/p>\n","protected":false},"excerpt":{"rendered":"<p>Equipos de salud siguen contribuyendo con la resoluci\u00f3n a nivel de la macrozona sur.<\/p>\n","protected":false},"author":1,"featured_media":13904,"comment_status":"closed","ping_status":"closed","sticky":false,"template":"","format":"standard","meta":{"footnotes":""},"categories":[3],"tags":[337,273,132,247,133,894],"class_list":["post-13903","post","type-post","status-publish","format-standard","has-post-thumbnail","hentry","category-al-dia","tag-informacion","tag-noticias","tag-osorno","tag-region-de-los-lagos","tag-semanario-local","tag-servicio-salud-osorno"],"_links":{"self":[{"href":"https:\/\/www.semanariolocal.cl\/index.php?rest_route=\/wp\/v2\/posts\/13903","targetHints":{"allow":["GET"]}}],"collection":[{"href":"https:\/\/www.semanariolocal.cl\/index.php?rest_route=\/wp\/v2\/posts"}],"about":[{"href":"https:\/\/www.semanariolocal.cl\/index.php?rest_route=\/wp\/v2\/types\/post"}],"author":[{"embeddable":true,"href":"https:\/\/www.semanariolocal.cl\/index.php?rest_route=\/wp\/v2\/users\/1"}],"replies":[{"embeddable":true,"href":"https:\/\/www.semanariolocal.cl\/index.php?rest_route=%2Fwp%2Fv2%2Fcomments&post=13903"}],"version-history":[{"count":1,"href":"https:\/\/www.semanariolocal.cl\/index.php?rest_route=\/wp\/v2\/posts\/13903\/revisions"}],"predecessor-version":[{"id":13905,"href":"https:\/\/www.semanariolocal.cl\/index.php?rest_route=\/wp\/v2\/posts\/13903\/revisions\/13905"}],"wp:featuredmedia":[{"embeddable":true,"href":"https:\/\/www.semanariolocal.cl\/index.php?rest_route=\/wp\/v2\/media\/13904"}],"wp:attachment":[{"href":"https:\/\/www.semanariolocal.cl\/index.php?rest_route=%2Fwp%2Fv2%2Fmedia&parent=13903"}],"wp:term":[{"taxonomy":"category","embeddable":true,"href":"https:\/\/www.semanariolocal.cl\/index.php?rest_route=%2Fwp%2Fv2%2Fcategories&post=13903"},{"taxonomy":"post_tag","embeddable":true,"href":"https:\/\/www.semanariolocal.cl\/index.php?rest_route=%2Fwp%2Fv2%2Ftags&post=13903"}],"curies":[{"name":"wp","href":"https:\/\/api.w.org\/{rel}","templated":true}]}}