{"id":13887,"date":"2023-08-03T17:43:16","date_gmt":"2023-08-03T21:43:16","guid":{"rendered":"https:\/\/www.semanariolocal.cl\/?p=13887"},"modified":"2023-08-03T17:43:17","modified_gmt":"2023-08-03T21:43:17","slug":"brechas-de-genero-en-investigacion-y-sus-principales-desafios","status":"publish","type":"post","link":"https:\/\/www.semanariolocal.cl\/?p=13887","title":{"rendered":"Brechas de g\u00e9nero en investigaci\u00f3n y sus principales desaf\u00edos\u00a0"},"content":{"rendered":"\n<p>La brecha de g\u00e9nero en los proyectos de investigaci\u00f3n y en ciencia aplicada es un tema que se debate constantemente. Las causas de esta diferencia son diversas y se relacionan con distintos aspectos, como la cultura de la sociedad, la falta de representaci\u00f3n y tambi\u00e9n los diferentes mecanismos que promueven la investigaci\u00f3n.&nbsp;<\/p>\n\n\n\n<p>Vania Figueroa, Coordinadora de Investigaci\u00f3n Aplicada de la Universidad Aut\u00f3noma de Chile y directora del proyecto INES G\u00e9nero de esa casa de estudios, abord\u00f3 esta brecha desde la mirada de las acad\u00e9micas e investigadoras, explicando que investigaciones a nivel internacional han demostrado que \u00aben aquellas instituciones acad\u00e9micas que tienen mayores \u00edndices de igualdad es tambi\u00e9n m\u00e1s frecuente el emprendimiento acad\u00e9mico, la innovaci\u00f3n y la transferencia en mujeres\u00bb.<\/p>\n\n\n\n<p>Asimismo, la acad\u00e9mica tambi\u00e9n coment\u00f3 que, si bien la igualdad en universidades es un factor que favorece, al mismo tiempo \u00abhay evidencia contradictoria respecto a eso\u00bb, y afirm\u00f3 que a nivel internacional a\u00fan no se han definido con claridad las razones exactas de la brecha de g\u00e9nero existente.<\/p>\n\n\n\n<p>Desde el proyecto INES G\u00e9nero en I+D+i+e&nbsp;\u2018Mas Mujeres, Mas Ciencia e Innovaci\u00f3n\u2019 de la Universidad de Los Lagos, Claudia Castillo, doctora arquitecta y Directora de Investigaci\u00f3n de la Vicerrector\u00eda de Investigaci\u00f3n y Postgrado de la Universidad, y como directora del proyecto INES G\u00e9nero en I+D+i+e&nbsp;,&nbsp;explic\u00f3 que en conjunto con la Direcci\u00f3n de G\u00e9nero y la Direcci\u00f3n de Innovaci\u00f3n y Transferencia Tecnol\u00f3gica, ya se han identificado las brechas de g\u00e9nero existentes en la investigaci\u00f3n universitaria y se trabaja ahora en acciones e instrumentos focalizados para reducir esta brecha. La acad\u00e9mica expres\u00f3 que \u201cuno de los objetivos es incluir el enfoque de g\u00e9nero de manera transversal en todo el proceso de la investigaci\u00f3n realizada por acad\u00e9micos y estudiantes en ULagos, desde el dise\u00f1o del proyecto hasta la ejecuci\u00f3n de la investigaci\u00f3n y no s\u00f3lo como un anexo final o un apartado espec\u00edfico, que es lo que usualmente ocurre\u201d.&nbsp;<\/p>\n\n\n\n<p>\u201cLa I+D+i+e implica Investigaci\u00f3n, Desarrollo, Innovaci\u00f3n y Emprendimiento, implica tambi\u00e9n dise\u00f1ar investigaciones con sentido, pertinencia territorial y calidad en todos sus procesos y en ello el enfoque de g\u00e9nero e inclusi\u00f3n, nos asegura un camino hacia la disminuci\u00f3n de brechas e identificaci\u00f3n de sesgos principalmente involuntarios que han sido socioculturalmente reproducidos\u201d se\u00f1ala la directora Castillo en relaci\u00f3n al trabajo conjunto con las distintas unidades de la Universidad de Los Lagos.<\/p>\n\n\n\n<p>Por su parte Marcos Hern\u00e1ndez, Director de Innovaci\u00f3n y Transferencia Tecnol\u00f3gica de la misma casa de estudios, abord\u00f3 esta problem\u00e1tica desde el \u00e1rea de la ciencia aplicada, y afirm\u00f3 que a\u00fan existen pocos departamentos que realizan ciencia aplicada de innovaci\u00f3n y transferencia, el acad\u00e9mico a\u00f1adi\u00f3 que \u00abhoy la investigaci\u00f3n est\u00e1 muy concentrada en algunas unidades acad\u00e9micas, el desaf\u00edo est\u00e1 en que haya m\u00e1s gente en m\u00e1s unidades y particularmente m\u00e1s mujeres\u00bb. En una primera instancia, hay que buscar que otras unidades que tienen m\u00e1s participaci\u00f3n femenina vean en la investigaci\u00f3n aplicada de la innovaci\u00f3n y transferencia una l\u00ednea de trabajo acad\u00e9mico, de desarrollo acad\u00e9mico, se sumen y empiecen a transitar hacia este tipo de investigaci\u00f3n.<\/p>\n\n\n\n<p>Los roles de g\u00e9nero est\u00e1n instalados socioculturalmente, y en consecuencia son un factor que afecta la brecha de g\u00e9nero existente en la investigaci\u00f3n. Cristina P\u00e9rez, Directora Subrogante de Igualdad de G\u00e9nero de la Universidad de Los Lagos, expres\u00f3 que \u00abest\u00e1 muy instalada la sensaci\u00f3n que a las mujeres no les interesa o no quieren investigar. Cuando pensamos cu\u00e1ntas mujeres hacen investigaci\u00f3n, no hay barreras expl\u00edcitas que digan \u2018solo estamos buscando hombres\u2019 en las postulaciones, eso no ocurre, pero qu\u00e9 pasa en los resultados, llegan menos mujeres y ah\u00ed tenemos que analizar por qu\u00e9\u00bb.<\/p>\n\n\n\n<p>Respecto de esto, P\u00e9rez se refiri\u00f3 a los roles de g\u00e9nero y c\u00f3mo el entorno no colabora al momento de disminuir la brecha. \u201cCuando una mujer tiene un periodo de receso debido al pre y post natal, esos per\u00edodos no necesariamente son compensados, sino que se ven como lagunas, entonces las mujeres a la misma edad que un hombre tienen menos a\u00f1os de trayectoria acad\u00e9mica y eso va en contra de su calificaci\u00f3n\u201d, a esto agreg\u00f3 que \u201cuna medida para disminuir la brecha podr\u00eda ser, por ejemplo, tener un criterio con enfoque de g\u00e9nero para no castigar esas ausencias relacionadas a los roles de cuidado\u201d.<\/p>\n\n\n\n<p>Para Francisca Viveros, soci\u00f3loga y coordinadora del proyecto Redes STEM (Ciencia, Tecnolog\u00eda, Ingenier\u00eda y Matem\u00e1ticas por las siglas en ingl\u00e9s) de la Universidad de Los Lagos, uno de los desaf\u00edos es demostrarle a ni\u00f1as y adolescentes que existen mujeres que destacan en el \u00e1mbito cient\u00edfico, y afirma que si bien es una tarea dif\u00edcil desde redes STEM ya est\u00e1n trabajando en esto acercando las ciencias a mujeres en diversos liceos de la zona. De esta manera se genera inter\u00e9s en el \u00e1rea desde una edad m\u00e1s temprana y al mismo tiempo se empodera a las mujeres.<\/p>\n\n\n\n<h3 class=\"wp-block-heading\"><strong>Visita de la Especialista en G\u00e9nero en I+D+i+e, Vania Figueroa<\/strong><\/h3>\n\n\n<div class=\"wp-block-image\">\n<figure class=\"alignleft size-full is-resized\"><img loading=\"lazy\" decoding=\"async\" src=\"https:\/\/www.semanariolocal.cl\/wp-content\/uploads\/2023\/08\/brecha.jpg\" alt=\"\" class=\"wp-image-13889\" width=\"497\" height=\"298\" srcset=\"https:\/\/www.semanariolocal.cl\/wp-content\/uploads\/2023\/08\/brecha.jpg 1000w, https:\/\/www.semanariolocal.cl\/wp-content\/uploads\/2023\/08\/brecha-300x180.jpg 300w, https:\/\/www.semanariolocal.cl\/wp-content\/uploads\/2023\/08\/brecha-768x461.jpg 768w\" sizes=\"auto, (max-width: 497px) 100vw, 497px\" \/><\/figure>\n<\/div>\n\n\n<p>Directivos de la Universidad de Los Lagos recibieron la visita de la acad\u00e9mica Vania Figueroa, doctora en neurociencia y directora de INES G\u00e9nero de la Universidad Aut\u00f3noma, y pusieron sobre la mesa las dificultades existentes a nivel nacional e institucional respecto a la disparidad y brechas que persisten en la investigaci\u00f3n.<\/p>\n\n\n\n<p>En el marco de dos d\u00edas de trabajo encabezados por la Direcci\u00f3n de G\u00e9nero dentro del proyecto redes STEM, la Direcci\u00f3n de Investigaci\u00f3n y la Direcci\u00f3n de Innovaci\u00f3n y Transferencia Tecnol\u00f3gica, junto con el Semillero de Investigaci\u00f3n de ULagos,&nbsp; directivos de dichas unidades trabajaron en conjunto con Vania Figueroa.&nbsp;<\/p>\n\n\n\n<p>La acad\u00e9mica desarroll\u00f3 adem\u00e1s un Taller de Investigaci\u00f3n y G\u00e9nero durante el XLII Congreso de Ciencias del Mar 2023, llevado a cabo en la Universidad de Los Lagos, Puerto Montt, en conjunto con otras investigadoras.<\/p>\n\n\n\n<p>En el contexto de esta visita y durante el segundo d\u00eda de trabajo, las direcciones se reunieron y mantuvieron una jornada de trabajo en la que se puso sobre la mesa los problemas actuales que hay en relaci\u00f3n a la brecha de g\u00e9nero en la investigaci\u00f3n y los desaf\u00edos que hay para implementar la investigaci\u00f3n con enfoque de g\u00e9nero. En esta participaron Vania Figueroa; Claudia Castillo Haeger, Cristina P\u00e9rez, Francisca Viveros Reyes, Marcos Hern\u00e1ndez, Consuelo Herrera, entre otras y otros asistentes profesionales de las distintas unidades y proyectos, tanto de forma presencial como remota. En esta instancia se dieron a conocer las diversas realidades y las medidas que se est\u00e1n trabajando para disminuir la brecha existente en la investigaci\u00f3n. Asimismo se presentaron datos y cifras al respecto con el fin contextualizar la situaci\u00f3n actual en la materia.&nbsp;<\/p>\n\n\n\n<p>Finalmente, Vania Figueroa expuso sobre los desaf\u00edos que deben enfrentarse para disminuir la brecha de g\u00e9nero, como la necesidad de incorporar el enfoque de g\u00e9nero en todas las \u00e1reas de trabajo, incluyendo I+D+i+e. En este sentido, INES G\u00e9nero I+D+i+e de la ULagos ya ha comenzado a implementar esta estrategia con nuevas bases concursables para investigaci\u00f3n cient\u00edfica y ciencia aplicada que incorporan criterios afirmativos, enfoque de g\u00e9nero e inclusi\u00f3n. En desarrollo se encuentran orientaciones para impulsar el desarrollo de pol\u00edticas espec\u00edficas y transversales para promover la igualdad de g\u00e9nero, as\u00ed como fortalecer la investigaci\u00f3n aplicada desde la perspectiva de la innovaci\u00f3n y la transferencia tecnol\u00f3gica.<\/p>\n","protected":false},"excerpt":{"rendered":"<p>Actualmente existe una diferencia significativa en relaci\u00f3n a la cantidad de hombres y mujeres que forman parte de proyectos de investigaci\u00f3n, a\u00fan m\u00e1s grande es la diferencia en ciencia aplicada, donde son varios los factores que inciden.<\/p>\n","protected":false},"author":1,"featured_media":13888,"comment_status":"closed","ping_status":"closed","sticky":false,"template":"","format":"standard","meta":{"footnotes":""},"categories":[3,4],"tags":[337,273,132,247,133],"class_list":["post-13887","post","type-post","status-publish","format-standard","has-post-thumbnail","hentry","category-al-dia","category-reportajes","tag-informacion","tag-noticias","tag-osorno","tag-region-de-los-lagos","tag-semanario-local"],"_links":{"self":[{"href":"https:\/\/www.semanariolocal.cl\/index.php?rest_route=\/wp\/v2\/posts\/13887","targetHints":{"allow":["GET"]}}],"collection":[{"href":"https:\/\/www.semanariolocal.cl\/index.php?rest_route=\/wp\/v2\/posts"}],"about":[{"href":"https:\/\/www.semanariolocal.cl\/index.php?rest_route=\/wp\/v2\/types\/post"}],"author":[{"embeddable":true,"href":"https:\/\/www.semanariolocal.cl\/index.php?rest_route=\/wp\/v2\/users\/1"}],"replies":[{"embeddable":true,"href":"https:\/\/www.semanariolocal.cl\/index.php?rest_route=%2Fwp%2Fv2%2Fcomments&post=13887"}],"version-history":[{"count":1,"href":"https:\/\/www.semanariolocal.cl\/index.php?rest_route=\/wp\/v2\/posts\/13887\/revisions"}],"predecessor-version":[{"id":13890,"href":"https:\/\/www.semanariolocal.cl\/index.php?rest_route=\/wp\/v2\/posts\/13887\/revisions\/13890"}],"wp:featuredmedia":[{"embeddable":true,"href":"https:\/\/www.semanariolocal.cl\/index.php?rest_route=\/wp\/v2\/media\/13888"}],"wp:attachment":[{"href":"https:\/\/www.semanariolocal.cl\/index.php?rest_route=%2Fwp%2Fv2%2Fmedia&parent=13887"}],"wp:term":[{"taxonomy":"category","embeddable":true,"href":"https:\/\/www.semanariolocal.cl\/index.php?rest_route=%2Fwp%2Fv2%2Fcategories&post=13887"},{"taxonomy":"post_tag","embeddable":true,"href":"https:\/\/www.semanariolocal.cl\/index.php?rest_route=%2Fwp%2Fv2%2Ftags&post=13887"}],"curies":[{"name":"wp","href":"https:\/\/api.w.org\/{rel}","templated":true}]}}