{"id":13866,"date":"2023-08-03T11:57:54","date_gmt":"2023-08-03T15:57:54","guid":{"rendered":"https:\/\/www.semanariolocal.cl\/?p=13866"},"modified":"2023-08-03T12:20:22","modified_gmt":"2023-08-03T16:20:22","slug":"equipo-de-defensa-penitenciaria-dialoga-con-internos-de-osorno","status":"publish","type":"post","link":"https:\/\/www.semanariolocal.cl\/?p=13866","title":{"rendered":"Equipo de Defensa Penitenciaria dialoga con internos de Osorno"},"content":{"rendered":"\n<p>El equipo de Defensa Penitenciaria de la Defensor\u00eda Regional de Los Lagos, desarroll\u00f3 este mi\u00e9rcoles un di\u00e1logo participativo con los internos condenados del Centro de Cumplimiento Penitenciario de Osorno, espec\u00edficamente con los residentes del M\u00f3dulo Uno.<\/p>\n\n\n\n<p>La actividad, liderada por la abogada Sandra Zamora Oyarz\u00fan, el asistente social Carlos Llancar y la asistente administrativa Anita Soto, tuvo como objetivo informar a los internos sobre las responsabilidades y funciones de cada miembro del equipo, adem\u00e1s de conversar con ellos acerca de sus derechos en la privaci\u00f3n de libertad.&nbsp;<\/p>\n\n\n\n<p>Carlos Llancar expuso a los asistentes sobre la funci\u00f3n de la Defensor\u00eda, adem\u00e1s de la forma en que trabaja la defensa penitenciaria: \u201cLos internos mostraron mucho inter\u00e9s en temas como beneficios, permisos, traslados de m\u00f3dulos y de unidad penal, as\u00ed como tambi\u00e9n sobre la forma en que, como equipo penitenciario, podr\u00edamos apoyarlos en potenciar actividades deportivas y culturales que permitan una mejor reinserci\u00f3n\u201d<\/p>\n\n\n\n<p>Por su parte, Sandra Zamora Oyarz\u00fan, defensora especializada, convers\u00f3 con ellos acerca de los derechos que les asisten en el cumplimiento de su pena, y la forma en que la Defensa Penitenciaria representa sus requerimientos, tanto ante tribunales como ante Gendarmer\u00eda.&nbsp;<\/p>\n\n\n\n<p>Los asistentes expresaron su inter\u00e9s en c\u00f3mo el equipo de Defensa Penitenciaria podr\u00eda apoyarles en procesos pendientes, como situaciones de salud y tr\u00e1mites para completar su educaci\u00f3n b\u00e1sica y media, o para acceder a beneficios laborales.<\/p>\n","protected":false},"excerpt":{"rendered":"<p>Profesionales desarrollaron actividad para dar a conocer su labor y fortalecer el v\u00ednculo con los usuarios de la unidad penal.<\/p>\n","protected":false},"author":1,"featured_media":13867,"comment_status":"closed","ping_status":"closed","sticky":false,"template":"","format":"standard","meta":{"footnotes":""},"categories":[3],"tags":[2086,2085,337,273,132,247,133],"class_list":["post-13866","post","type-post","status-publish","format-standard","has-post-thumbnail","hentry","category-al-dia","tag-defensoria-penal-publica","tag-defensoria-regional-de-los-lagos","tag-informacion","tag-noticias","tag-osorno","tag-region-de-los-lagos","tag-semanario-local"],"_links":{"self":[{"href":"https:\/\/www.semanariolocal.cl\/index.php?rest_route=\/wp\/v2\/posts\/13866","targetHints":{"allow":["GET"]}}],"collection":[{"href":"https:\/\/www.semanariolocal.cl\/index.php?rest_route=\/wp\/v2\/posts"}],"about":[{"href":"https:\/\/www.semanariolocal.cl\/index.php?rest_route=\/wp\/v2\/types\/post"}],"author":[{"embeddable":true,"href":"https:\/\/www.semanariolocal.cl\/index.php?rest_route=\/wp\/v2\/users\/1"}],"replies":[{"embeddable":true,"href":"https:\/\/www.semanariolocal.cl\/index.php?rest_route=%2Fwp%2Fv2%2Fcomments&post=13866"}],"version-history":[{"count":1,"href":"https:\/\/www.semanariolocal.cl\/index.php?rest_route=\/wp\/v2\/posts\/13866\/revisions"}],"predecessor-version":[{"id":13868,"href":"https:\/\/www.semanariolocal.cl\/index.php?rest_route=\/wp\/v2\/posts\/13866\/revisions\/13868"}],"wp:featuredmedia":[{"embeddable":true,"href":"https:\/\/www.semanariolocal.cl\/index.php?rest_route=\/wp\/v2\/media\/13867"}],"wp:attachment":[{"href":"https:\/\/www.semanariolocal.cl\/index.php?rest_route=%2Fwp%2Fv2%2Fmedia&parent=13866"}],"wp:term":[{"taxonomy":"category","embeddable":true,"href":"https:\/\/www.semanariolocal.cl\/index.php?rest_route=%2Fwp%2Fv2%2Fcategories&post=13866"},{"taxonomy":"post_tag","embeddable":true,"href":"https:\/\/www.semanariolocal.cl\/index.php?rest_route=%2Fwp%2Fv2%2Ftags&post=13866"}],"curies":[{"name":"wp","href":"https:\/\/api.w.org\/{rel}","templated":true}]}}