{"id":13819,"date":"2023-07-28T17:38:28","date_gmt":"2023-07-28T21:38:28","guid":{"rendered":"https:\/\/www.semanariolocal.cl\/?p=13819"},"modified":"2023-07-28T17:38:29","modified_gmt":"2023-07-28T21:38:29","slug":"consejero-reyes-fiscalizacion-sera-peso-a-peso","status":"publish","type":"post","link":"https:\/\/www.semanariolocal.cl\/?p=13819","title":{"rendered":"Consejero Reyes: \u00abfiscalizaci\u00f3n ser\u00e1 peso a peso\u00bb"},"content":{"rendered":"\n<p>En la \u00faltima sesi\u00f3n plenaria del Consejo Regional el core por la provincia de Osorno, Francisco Reyes Castro, dijo que fiscalizar\u00e1 cada peso extra que est\u00e1 solicitando la empresa ejecutora de la obra Avenida Rep\u00fablica, recepcionada con excesivo retraso el 2021, pese a que la importante v\u00eda est\u00e1 en marcha desde 2018, hace m\u00e1s de 5 a\u00f1os.<\/p>\n\n\n\n<p>Seg\u00fan plante\u00f3 Reyes, hay una solicitud de aumento de obra por trabajos que terminaron hace 5 a\u00f1os y como Consejo Regional \u00abno podemos mirar al cielo, exigimos claridad. Es una obra de casi 8 mil millones de pesos, financiada con recursos del Fondo Nacional de Desarrollo Regional, y no podemos permitir abusos con recursos p\u00fablicos ni desprolijidades del Estado\u00bb.<\/p>\n\n\n\n<p>Reiter\u00f3 en el plenario del CORE que aqu\u00ed&nbsp;&nbsp;\u201cexiste un gran nivel de desprolijidad en identificar faenas complementarias que debi\u00f3 considerar la empresa ejecutora, y la unidad t\u00e9cnica, en este caso el Serviu\u201d. Seg\u00fan se inform\u00f3 en la propia sesi\u00f3n plenaria, los valores extras solicitados superar\u00edan los mil millones de pesos.&nbsp;<\/p>\n\n\n\n<p>Agreg\u00f3 que \u00abno es primera vez que se identifican este tipo de solicitudes de recursos p\u00fablicos por una obra terminada hace 5 a\u00f1os y donde existi\u00f3 poca comunicaci\u00f3n entre la unidad t\u00e9cnica, el Serviu, y la unidad mandante, el Municipio. Pasaron 3 a\u00f1os para que reci\u00e9n fuera recepcionada\u00bb.&nbsp;<\/p>\n\n\n\n<p>Por ello, el consejero Reyes llam\u00f3 al Gore, Servicio de Vivienda&nbsp;y Urbanismo y tambi\u00e9n al Municipio a revisar estos requerimientos, que se pierden en lo administrativo y focalizar todos los esfuerzos en dotar avenida Rep\u00fablica de mayor seguridad y vigilancia. A partir de lo expresado por vecinos y locatarios, respaldando la solicitud que hicieron a trav\u00e9s del \u00a8Comit\u00e9 de Seguridad de Vecinos y Locatarios unidos por la Seguridad Rahue\u00a8, de implementar c\u00e1maras de seguridad en la avenida, por la alta cantidad de robos y asaltos que viven los locatarios y la ciudadan\u00eda en general, indic\u00f3 que aqu\u00ed es donde hay que poner el \u00e9nfasis, para que Rahue sea un lugar c\u00f3modo de transitar y de comercializar.<\/p>\n","protected":false},"excerpt":{"rendered":"<p>Core por Osorno reclam\u00f3 que trabajos terminaron hace 5 a\u00f1os y pese a ello a\u00fan no hay cierre presupuestario <\/p>\n","protected":false},"author":1,"featured_media":13820,"comment_status":"closed","ping_status":"closed","sticky":false,"template":"","format":"standard","meta":{"footnotes":""},"categories":[6],"tags":[337,273,132,247,133],"class_list":["post-13819","post","type-post","status-publish","format-standard","has-post-thumbnail","hentry","category-politica","tag-informacion","tag-noticias","tag-osorno","tag-region-de-los-lagos","tag-semanario-local"],"_links":{"self":[{"href":"https:\/\/www.semanariolocal.cl\/index.php?rest_route=\/wp\/v2\/posts\/13819","targetHints":{"allow":["GET"]}}],"collection":[{"href":"https:\/\/www.semanariolocal.cl\/index.php?rest_route=\/wp\/v2\/posts"}],"about":[{"href":"https:\/\/www.semanariolocal.cl\/index.php?rest_route=\/wp\/v2\/types\/post"}],"author":[{"embeddable":true,"href":"https:\/\/www.semanariolocal.cl\/index.php?rest_route=\/wp\/v2\/users\/1"}],"replies":[{"embeddable":true,"href":"https:\/\/www.semanariolocal.cl\/index.php?rest_route=%2Fwp%2Fv2%2Fcomments&post=13819"}],"version-history":[{"count":1,"href":"https:\/\/www.semanariolocal.cl\/index.php?rest_route=\/wp\/v2\/posts\/13819\/revisions"}],"predecessor-version":[{"id":13821,"href":"https:\/\/www.semanariolocal.cl\/index.php?rest_route=\/wp\/v2\/posts\/13819\/revisions\/13821"}],"wp:featuredmedia":[{"embeddable":true,"href":"https:\/\/www.semanariolocal.cl\/index.php?rest_route=\/wp\/v2\/media\/13820"}],"wp:attachment":[{"href":"https:\/\/www.semanariolocal.cl\/index.php?rest_route=%2Fwp%2Fv2%2Fmedia&parent=13819"}],"wp:term":[{"taxonomy":"category","embeddable":true,"href":"https:\/\/www.semanariolocal.cl\/index.php?rest_route=%2Fwp%2Fv2%2Fcategories&post=13819"},{"taxonomy":"post_tag","embeddable":true,"href":"https:\/\/www.semanariolocal.cl\/index.php?rest_route=%2Fwp%2Fv2%2Ftags&post=13819"}],"curies":[{"name":"wp","href":"https:\/\/api.w.org\/{rel}","templated":true}]}}