{"id":13816,"date":"2023-07-28T17:29:37","date_gmt":"2023-07-28T21:29:37","guid":{"rendered":"https:\/\/www.semanariolocal.cl\/?p=13816"},"modified":"2023-07-28T17:29:38","modified_gmt":"2023-07-28T21:29:38","slug":"conadi-da-fuerte-impulso-a-programa-chile-indigena-en-region-de-los-lagos","status":"publish","type":"post","link":"https:\/\/www.semanariolocal.cl\/?p=13816","title":{"rendered":"Conadi da fuerte impulso a programa Chile Ind\u00edgena en regi\u00f3n de los Lagos"},"content":{"rendered":"\n<p>Los directivos de CONADI, encabezados por el Director Nacional, Luis Penchuleo Morales, llegaron hasta la ciudad de Osorno para reunirse con autoridades locales y dirigentes mapuche huilliche para destacar el inicio de ejecuci\u00f3n del presupuesto 2023 de $745 millones, que beneficiar\u00e1 directamente a 94 comunidades ind\u00edgenas agrupadas en 11 Mesas Territoriales del Programa Chile Ind\u00edgena, en las provincias de Llanquihue y Osorno.<\/p>\n\n\n\n<p>\u201cHemos venido a la Provincia de Osorno para marcar el inicio de la ejecuci\u00f3n 2023 del programa Chile Ind\u00edgena, que en t\u00e9rminos de presupuesto, tienen un aumento de un 35% mayor en su presupuesto\u201d, se\u00f1al\u00f3 Luis Penchuleo Morales, Director Nacional de CONADI, agregando que \u201cdebemos felicitar al equipo de Chile Ind\u00edgena, al equipo regional particularmente, y a la directora regional de CONADI, Marcela Urbano, porque logramos ejecutar&nbsp; los recursos de manera oportuna, y tambi\u00e9n destacar que hemos sostenido a lo largo de nuestra gesti\u00f3n un di\u00e1logo franco y directo con las comunidades, escuchando los malestares que se arrastran desde hace mucho tiempo y que nosotros con total sinceridad y transparencia les estamos dando respuesta\u201d.<\/p>\n\n\n\n<p>\u00abNuestros usuarios y nuestros beneficiarios, las comunidades y familias ind\u00edgenas, van a contar con todo nuestro respaldo para poder avanzar en satisfacer sus necesidades y atender sus planteamientos. Y en este contexto, el programa Chile Ind\u00edgena ha sido un programa bastante importante para ellos, muy cercano a las comunidades, y por eso es importante que se plantee la continuidad de este programa que se caracteriza porque comunidades mismas deciden la inversi\u00f3n que necesitan\u00bb, agreg\u00f3 Marcela Urbano Gonz\u00e1lez, Directora Regional de CONADI, con base en Osorno.<\/p>\n\n\n\n<p><strong>Puertas abiertas<\/strong><strong><\/strong><\/p>\n\n\n\n<p>\u201cEn esta actividad p\u00fablica convocamos a todos los dirigentes y representantes de las 11 mesas territoriales que est\u00e1n activas en la regi\u00f3n, porque este es un gobierno y una administraci\u00f3n de puertas abiertas, queremos tener instancias de di\u00e1logo y participaci\u00f3n con las comunidades porque son ellos quienes mejor conocen sus necesidades, sus prioridades, los temas que quieren relevar y esta sin duda es una oportunidad para nosotros tambi\u00e9n de retroalimentar el trabajo que estamos haciendo en CONADI\u201d, agreg\u00f3 Isabel Ca\u00f1et Caniulen, Encargada Nacional del programa Chile Ind\u00edgena.<\/p>\n\n\n\n<p>\u201cEste es un hito que debemos destacar porque se trata de 746 millones de pesos que llegan para invertirse en comunidades ind\u00edgenas de la regi\u00f3n, un 35% m\u00e1s que en el a\u00f1o anterior para el programa Chile ind\u00edgena de CONADI. Esta es una iniciativa que debemos destacar y debemos apoyar, trabajando con la directora regional de CONADI, Marcela Urbano, porque cuando trabajamos de manera coordinada y colaborativa son nuestros usuarios quienes salen ganando\u201d, agreg\u00f3 Enzo Jaramillo Hott, Seremi de Desarrollo Social y Familia en la Regi\u00f3n de Los Lagos.<\/p>\n\n\n\n<h3 class=\"wp-block-heading\"><strong>Incremento de presupuesto<\/strong><\/h3>\n\n\n\n<p>El presupuesto 2023 asignado originalmente para el trabajo del Programa Chile Ind\u00edgena con las Mesas Territoriales en la Regi\u00f3n de Los Lagos, fue de $482.502.000, sin embargo, con el objeto de llegar a una mayor cantidad de beneficiarios, dicho presupuesto fue incrementado hasta llegar a los $745.997.960.<\/p>\n\n\n\n<p>Cabe se\u00f1alar que el Programa Chile ind\u00edgena de CONADI apoya a la poblaci\u00f3n ind\u00edgena en procesos de desarrollo con pertinencia cultural y en articulaci\u00f3n con otros servicios del Estado y actores locales, siendo herederos de la metodolog\u00eda iniciada con el programa Or\u00edgenes en el a\u00f1o 2000 gracias a un convenio de aquel entonces entre el Gobierno de Chile y el Banco Interamericano de Desarrollo (BID).<\/p>\n","protected":false},"excerpt":{"rendered":"<p>El anuncio fue realizado en Osorno, por el Director Nacional de CONADI, Luis Penchuleo Morales, y la Encargada Nacional del Programa Chile Ind\u00edgena, Isabel Ca\u00f1et Caniulen, junto a la Directora Regional de CONADI, Marcela Urbano Gonz\u00e1lez, y dirigentes de las comunidades mapuche huilliche.<\/p>\n","protected":false},"author":1,"featured_media":13817,"comment_status":"closed","ping_status":"closed","sticky":false,"template":"","format":"standard","meta":{"footnotes":""},"categories":[3,9],"tags":[350,351,771,337,273,247,133],"class_list":["post-13816","post","type-post","status-publish","format-standard","has-post-thumbnail","hentry","category-al-dia","category-gobierno","tag-conadi","tag-conadi-region-de-los-lagos","tag-director-nacional-conadi","tag-informacion","tag-noticias","tag-region-de-los-lagos","tag-semanario-local"],"_links":{"self":[{"href":"https:\/\/www.semanariolocal.cl\/index.php?rest_route=\/wp\/v2\/posts\/13816","targetHints":{"allow":["GET"]}}],"collection":[{"href":"https:\/\/www.semanariolocal.cl\/index.php?rest_route=\/wp\/v2\/posts"}],"about":[{"href":"https:\/\/www.semanariolocal.cl\/index.php?rest_route=\/wp\/v2\/types\/post"}],"author":[{"embeddable":true,"href":"https:\/\/www.semanariolocal.cl\/index.php?rest_route=\/wp\/v2\/users\/1"}],"replies":[{"embeddable":true,"href":"https:\/\/www.semanariolocal.cl\/index.php?rest_route=%2Fwp%2Fv2%2Fcomments&post=13816"}],"version-history":[{"count":1,"href":"https:\/\/www.semanariolocal.cl\/index.php?rest_route=\/wp\/v2\/posts\/13816\/revisions"}],"predecessor-version":[{"id":13818,"href":"https:\/\/www.semanariolocal.cl\/index.php?rest_route=\/wp\/v2\/posts\/13816\/revisions\/13818"}],"wp:featuredmedia":[{"embeddable":true,"href":"https:\/\/www.semanariolocal.cl\/index.php?rest_route=\/wp\/v2\/media\/13817"}],"wp:attachment":[{"href":"https:\/\/www.semanariolocal.cl\/index.php?rest_route=%2Fwp%2Fv2%2Fmedia&parent=13816"}],"wp:term":[{"taxonomy":"category","embeddable":true,"href":"https:\/\/www.semanariolocal.cl\/index.php?rest_route=%2Fwp%2Fv2%2Fcategories&post=13816"},{"taxonomy":"post_tag","embeddable":true,"href":"https:\/\/www.semanariolocal.cl\/index.php?rest_route=%2Fwp%2Fv2%2Ftags&post=13816"}],"curies":[{"name":"wp","href":"https:\/\/api.w.org\/{rel}","templated":true}]}}