{"id":13813,"date":"2023-07-28T12:54:18","date_gmt":"2023-07-28T16:54:18","guid":{"rendered":"https:\/\/www.semanariolocal.cl\/?p=13813"},"modified":"2023-07-28T12:54:19","modified_gmt":"2023-07-28T16:54:19","slug":"minagri-los-lagos-abre-nuevo-ciclo-de-charlas-gratuitas-para-el-sector-agricola","status":"publish","type":"post","link":"https:\/\/www.semanariolocal.cl\/?p=13813","title":{"rendered":"Minagri Los Lagos abre nuevo ciclo de charlas gratuitas para el sector agr\u00edcola"},"content":{"rendered":"\n<p>A partir de agosto, la Seremi de Agricultura de Los Lagos iniciar\u00e1 un nuevo ciclo de charlas online para el sector silvoagropecuario, colocando el foco en materias de sustentabilidad, competitividad y adaptaci\u00f3n al cambio clim\u00e1tico.<\/p>\n\n\n\n<p>En esa l\u00ednea, la Seremi de Agricultura Tania Salas se\u00f1al\u00f3 que en las primeras exposiciones contaremos con investigaciones de INIA que nos aportar\u00e1n informaci\u00f3n sobre nuevas aplicaciones asociadas a los bioinsumos, riego, fertilizaci\u00f3n de suelos y elaboraci\u00f3n de quesos.<\/p>\n\n\n\n<p>\u201cSe trata del quinto ciclo de charlas online que gratuitamente colocamos a disposici\u00f3n de los agricultores, agricultoras, asesores, profesionales del agro y quienes est\u00e1n interesados en profundizar en algunas pr\u00e1cticas que aportan mayor sustentabilidad y rentabilidad a los sistemas productivos. En esta versi\u00f3n, colocaremos \u00e9nfasis en aquellas actividades que nos ayudan a posicionar una agricultura m\u00e1s verde, sustentable y que se adapta a los desaf\u00edos del cambio clim\u00e1tico. Invitamos a todos y todas aprovechar la tecnolog\u00eda y las plataformas virtuales para aprender de las experiencias e investigaciones que aportan mejores resultados a las actividades agr\u00edcolas.<\/p>\n\n\n\n<p>De esta forma, el quinto ciclo de charlas virtuales denominado&nbsp;<strong>\u201c+ Campo Minagri Los Lagos\u201d<\/strong>&nbsp;comenzar\u00e1 el martes 8 de agosto a las 10 sobre horas, con la exposici\u00f3n de la encargada del Centro Nacional de Bioinsumos de INIA, Lorena Barra, quien entregar\u00e1 orientaciones sobre el \u00abUso<em>&nbsp;de bioinsumos en sistemas agr\u00edcolas sostenibles\u201d.<\/em><\/p>\n\n\n\n<p>El martes siguiente, en el mismo horario, el investigador de INIA Remehue, Homero Barr\u00eda, dictar\u00e1 la charla&nbsp;<em>\u201cManejo del riego en invernaderos\u201d,<\/em>&nbsp;enfocada en el uso eficiente y eficaz del agua en el cultivo bajo estas infraestructuras.<\/p>\n\n\n\n<p>Mientras que el martes 22 de agosto, a las 10 horas, ser\u00e1 el turno de la investigadora de INIA Remehue, Ingrid Mart\u00ednez, quien orientar\u00e1 su presentaci\u00f3n en&nbsp;<em>el \u201cRol de la materia org\u00e1nica en el manejo sustentable de los suelos\u201d.<\/em>&nbsp;Para finalizar las sesiones de agosto, el investigador Ignacio Subiabre dictar\u00e1 la charla \u201cAgregaci\u00f3n de valor para el desarrollo de quesos artesanales\u201d, detallando las experiencias realizadas por INIA Remehue en esta materia.<\/p>\n\n\n\n<p>Quienes deseen participar en algunas de las charlas del ciclo&nbsp;<strong>\u201c+ Campo Minagri Los Lagos\u201d<\/strong>&nbsp;deben registrarse previamente en el link de inscripci\u00f3n que podr\u00e1n encontrar en la p\u00e1gina de Facebook \u201c<strong>Seremi Agricultura Los Lagos\u201d,&nbsp;<\/strong>en Twitteren la cuenta&nbsp;<strong>@MinagriLosLagos&nbsp;<\/strong>y en las historias de Instagram de la cuenta&nbsp;<strong>@minagriloslagos&nbsp;<\/strong>de esta repartici\u00f3n.<\/p>\n","protected":false},"excerpt":{"rendered":"<p>Seremi de Agricultura Tania Salas inform\u00f3 que en esta versi\u00f3n las sesiones virtuales colocar\u00e1n el acento en estrategias y manejos para alcanzar mayor sustentabilidad y competitividad en el agro.<\/p>\n","protected":false},"author":1,"featured_media":13814,"comment_status":"closed","ping_status":"closed","sticky":false,"template":"","format":"standard","meta":{"footnotes":""},"categories":[20],"tags":[337,273,132,133],"class_list":["post-13813","post","type-post","status-publish","format-standard","has-post-thumbnail","hentry","category-agro","tag-informacion","tag-noticias","tag-osorno","tag-semanario-local"],"_links":{"self":[{"href":"https:\/\/www.semanariolocal.cl\/index.php?rest_route=\/wp\/v2\/posts\/13813","targetHints":{"allow":["GET"]}}],"collection":[{"href":"https:\/\/www.semanariolocal.cl\/index.php?rest_route=\/wp\/v2\/posts"}],"about":[{"href":"https:\/\/www.semanariolocal.cl\/index.php?rest_route=\/wp\/v2\/types\/post"}],"author":[{"embeddable":true,"href":"https:\/\/www.semanariolocal.cl\/index.php?rest_route=\/wp\/v2\/users\/1"}],"replies":[{"embeddable":true,"href":"https:\/\/www.semanariolocal.cl\/index.php?rest_route=%2Fwp%2Fv2%2Fcomments&post=13813"}],"version-history":[{"count":1,"href":"https:\/\/www.semanariolocal.cl\/index.php?rest_route=\/wp\/v2\/posts\/13813\/revisions"}],"predecessor-version":[{"id":13815,"href":"https:\/\/www.semanariolocal.cl\/index.php?rest_route=\/wp\/v2\/posts\/13813\/revisions\/13815"}],"wp:featuredmedia":[{"embeddable":true,"href":"https:\/\/www.semanariolocal.cl\/index.php?rest_route=\/wp\/v2\/media\/13814"}],"wp:attachment":[{"href":"https:\/\/www.semanariolocal.cl\/index.php?rest_route=%2Fwp%2Fv2%2Fmedia&parent=13813"}],"wp:term":[{"taxonomy":"category","embeddable":true,"href":"https:\/\/www.semanariolocal.cl\/index.php?rest_route=%2Fwp%2Fv2%2Fcategories&post=13813"},{"taxonomy":"post_tag","embeddable":true,"href":"https:\/\/www.semanariolocal.cl\/index.php?rest_route=%2Fwp%2Fv2%2Ftags&post=13813"}],"curies":[{"name":"wp","href":"https:\/\/api.w.org\/{rel}","templated":true}]}}