{"id":13810,"date":"2023-07-28T11:53:40","date_gmt":"2023-07-28T15:53:40","guid":{"rendered":"https:\/\/www.semanariolocal.cl\/?p=13810"},"modified":"2023-07-28T11:53:40","modified_gmt":"2023-07-28T15:53:40","slug":"arbolado-urbano-un-aliado-ante-el-cambio-climatico","status":"publish","type":"post","link":"https:\/\/www.semanariolocal.cl\/?p=13810","title":{"rendered":"Arbolado\u00a0urbano: un aliado ante el cambio clim\u00e1tico"},"content":{"rendered":"\n<p>El cambio clim\u00e1tico est\u00e1 produciendo temperaturas que jam\u00e1s se hab\u00edan detectado en el hemisferio norte del planeta. Una de las formas de enfrentar esta alza de temperatura, sobre todo en ciudades, es a trav\u00e9s del arbolado urbano o la naturaleza urbana.<\/p>\n\n\n\n<p>As\u00ed lo destac\u00f3 el director ejecutivo de CONAF, Christian Little, en el Seminario \u201cPerspectivas del&nbsp;Arbolado&nbsp;Urbano&nbsp;en escenario de Cambio Clim\u00e1tico\u201d y en la oportunidad, la m\u00e1xima autoridad de CONAF sostuvo que \u201choy tenemos un gran desaf\u00edo que implica avanzar en la agenda de transici\u00f3n ecol\u00f3gica justa, enfocado en el manejo sustentable, la conservaci\u00f3n, la protecci\u00f3n y la restauraci\u00f3n de los ecosistemas boscosos y xerof\u00edticos, de ah\u00ed que la naturaleza&nbsp;urbana&nbsp;adquiere gran relevancia\u201d.<\/p>\n\n\n\n<p>Luego, Little hizo una reflexi\u00f3n expresando que el Departamento de Ecosistemas&nbsp;Urbanos&nbsp;y Comunidades es uno de los departamentos m\u00e1s amigables de la instituci\u00f3n, principalmente \u201cporque los \u00e1rboles, la naturaleza&nbsp;urbana, nos brindan un sinf\u00edn de beneficios, de ah\u00ed la diversidad de especies que utilicemos es una tremenda oportunidad para entregar beneficios a la sociedad\u201d.<\/p>\n\n\n\n<p>En el Seminario, la jefa del Departamento de Ecosistemas&nbsp;Urbanos&nbsp;y Comunidades de CONAF, Valeska Aedo, hizo un balance de lo desarrollado en esta materia, expresando que a la fecha el programa ha entregado 20 millones de \u00e1rboles a la largo del pa\u00eds, desde el 2010 a la fecha, desarrollando tambi\u00e9n m\u00e1s de 160 proyectos de parques urbanos y periurbanos.<\/p>\n\n\n\n<p>Uno de los aspectos que m\u00e1s se destac\u00f3 sobre la importancia de este programa de arborizaci\u00f3n urbana es que fomenta la resiliencia en las ciudades y en los territorios, siendo un componente importante en la lucha contra los efectos del cambio clim\u00e1tico. Adem\u00e1s, se realiza fomentando la inclusi\u00f3n social, el trabajo participativo con las comunidades y organizaciones locales beneficiadas, y la sostenibilidad, privilegiando las especies nativas o aquellas m\u00e1s adecuadas para cada zona del pa\u00eds.<\/p>\n","protected":false},"excerpt":{"rendered":"<p>Durante dos d\u00edas se desarroll\u00f3 el Seminario \u201cPerspectivas del Arbolado Urbano en escenario de Cambio Clim\u00e1tico\u201d organizado por CONAF Y ENEL. <\/p>\n","protected":false},"author":1,"featured_media":13811,"comment_status":"closed","ping_status":"closed","sticky":false,"template":"","format":"standard","meta":{"footnotes":""},"categories":[20,3,10],"tags":[],"class_list":["post-13810","post","type-post","status-publish","format-standard","has-post-thumbnail","hentry","category-agro","category-al-dia","category-cultura"],"_links":{"self":[{"href":"https:\/\/www.semanariolocal.cl\/index.php?rest_route=\/wp\/v2\/posts\/13810","targetHints":{"allow":["GET"]}}],"collection":[{"href":"https:\/\/www.semanariolocal.cl\/index.php?rest_route=\/wp\/v2\/posts"}],"about":[{"href":"https:\/\/www.semanariolocal.cl\/index.php?rest_route=\/wp\/v2\/types\/post"}],"author":[{"embeddable":true,"href":"https:\/\/www.semanariolocal.cl\/index.php?rest_route=\/wp\/v2\/users\/1"}],"replies":[{"embeddable":true,"href":"https:\/\/www.semanariolocal.cl\/index.php?rest_route=%2Fwp%2Fv2%2Fcomments&post=13810"}],"version-history":[{"count":1,"href":"https:\/\/www.semanariolocal.cl\/index.php?rest_route=\/wp\/v2\/posts\/13810\/revisions"}],"predecessor-version":[{"id":13812,"href":"https:\/\/www.semanariolocal.cl\/index.php?rest_route=\/wp\/v2\/posts\/13810\/revisions\/13812"}],"wp:featuredmedia":[{"embeddable":true,"href":"https:\/\/www.semanariolocal.cl\/index.php?rest_route=\/wp\/v2\/media\/13811"}],"wp:attachment":[{"href":"https:\/\/www.semanariolocal.cl\/index.php?rest_route=%2Fwp%2Fv2%2Fmedia&parent=13810"}],"wp:term":[{"taxonomy":"category","embeddable":true,"href":"https:\/\/www.semanariolocal.cl\/index.php?rest_route=%2Fwp%2Fv2%2Fcategories&post=13810"},{"taxonomy":"post_tag","embeddable":true,"href":"https:\/\/www.semanariolocal.cl\/index.php?rest_route=%2Fwp%2Fv2%2Ftags&post=13810"}],"curies":[{"name":"wp","href":"https:\/\/api.w.org\/{rel}","templated":true}]}}