{"id":13807,"date":"2023-07-28T11:43:05","date_gmt":"2023-07-28T15:43:05","guid":{"rendered":"https:\/\/www.semanariolocal.cl\/?p=13807"},"modified":"2023-07-28T11:43:05","modified_gmt":"2023-07-28T15:43:05","slug":"estudiantes-clasificaron-a-final-regional-de-concurso-de-tecnologia-e-innovacion","status":"publish","type":"post","link":"https:\/\/www.semanariolocal.cl\/?p=13807","title":{"rendered":"Estudiantes clasificaron a final regional de concurso de tecnolog\u00eda e innovaci\u00f3n\u00a0"},"content":{"rendered":"\n<p>En el marco de la Feria Provincial Osorno del proyecto \u201cFomento de la cultura de la ciencia, la tecnolog\u00eda y la innovaci\u00f3n en colegios de la regi\u00f3n de Los Lagos\u201d, iniciativa del Gobierno Regional ejecutada por la Universidad San Sebasti\u00e1n, estudiantes de los liceos Bicentenario Adolfo Matthei de Osorno, San Vicente de Paul de Puerto Octay, Dharma College de Purranque, Misi\u00f3n San Juan de San Juan de la Costa y Fray Pablo de Royo de San Pablo lograron el pase a la final regional de este concurso de ciencia y tecnolog\u00eda, la que tendr\u00e1 lugar en el mes de noviembre en Puerto Montt. El equipo que obtenga el primer lugar en dicha instancia viajar\u00e1 junto a su docente gu\u00eda a una pasant\u00eda en la ciudad de Orlando en Estados Unidos.&nbsp;<\/p>\n\n\n\n<p>De los nueve proyectos de innovaci\u00f3n que participaron de la feria provincial, los ganadores fueron \u201cOrganic Fertilizer and Pesticide\u201d, del liceo Bicentenario Adolfo Matthei; \u201cCarbon Hypelfilter\u201d del colegio San Vicente de Paul de Puerto Octay; Kutral Waka del Dharma College de Purranque; \u201cCollar GPS para ganado\u201d del colegio TP Misi\u00f3n San Juan y \u201cCorral m\u00f3vil para pollos broiler\u201d del liceo Fray Pablo de Royo de San Pablo.&nbsp;El jurado estuvo compuesto por representantes del Gobierno Regional de Los Lagos, Fundaci\u00f3n Ciencia Joven y la Universidad San Sebasti\u00e1n.<\/p>\n\n\n\n<p>Paz Garc\u00e9s, estudiante del colegio Misi\u00f3n San Juan, explica que el problema que detect\u00f3 su equipo es la p\u00e9rdida de animales en la zona. \u201cNuestro proyecto es un collar con GPS para el ganado, que va a prevenir que estos se pierdan\u201d, detalla.<\/p>\n\n\n\n<p>Francisca Vizcarra, estudiante del liceo Bicentenario Adolfo Matthei de Osorno, comenta que a partir de algas, cuesco de palta y jengibre desarrollaron una f\u00f3rmula totalmente org\u00e1nica para el cuidado de las plantas: \u201cbuscamos elaborar un producto multifuncional, que sea fertilizante y pesticida al mismo tiempo\u201d.<\/p>\n\n\n\n<p>Daniela Soto, del colegio San Vicente de Paul de Puerto Octay, relata que el problema que detectaron es la contaminaci\u00f3n de las \u00e1reas balnearias del lago Llanquihue. \u201cNuestra soluci\u00f3n es una malla compuesta de c\u00e1\u00f1amo, completamente natural, junto con carb\u00f3n activado, que va a filtrar el agua de los distintos contaminantes, como micropl\u00e1sticos\u201d, se\u00f1ala.<\/p>\n\n\n\n<p>La coordinadora t\u00e9cnica del proyecto y acad\u00e9mica de la Universidad San Sebasti\u00e1n Sede De la Patagonia, Ang\u00e9lica Basoalto, expres\u00f3 que \u201ccomo universidad estamos muy contentos con el resultado de esta feria desarrollada en la provincia de Osorno. Los once equipos participantes pudieron mostrar el gran trabajo que han realizado durante los \u00faltimos ocho meses, desde la detecci\u00f3n de problemas que afectan a sus entornos hasta el prototipado de una soluci\u00f3n innovadora basada en la ciencia y la tecnolog\u00eda. Y m\u00e1s all\u00e1 del concurso, han desarrollado habilidades vinculadas con el trabajo en equipo, la comunicaci\u00f3n efectiva y el desarrollo de proyectos que les servir\u00e1n para toda la vida\u201d.&nbsp;<\/p>\n\n\n\n<p>La feria regional que definir\u00e1 al proyecto ganador que viajar\u00e1 a la pasant\u00eda internacional en Estados Unidos reunir\u00e1 a los equipos finalistas de las provincias de Osorno, Llanquihue, Chilo\u00e9 y Palena.&nbsp;<\/p>\n","protected":false},"excerpt":{"rendered":"<p>Una treintena de j\u00f3venes de Osorno, Puerto Octay, Purranque, San Juan de la Costa y San Pablo participaron de una feria organizada por la Universidad San Sebasti\u00e1n para exponer sus ideas de emprendimiento.<\/p>\n","protected":false},"author":1,"featured_media":13808,"comment_status":"closed","ping_status":"closed","sticky":false,"template":"","format":"standard","meta":{"footnotes":""},"categories":[3],"tags":[],"class_list":["post-13807","post","type-post","status-publish","format-standard","has-post-thumbnail","hentry","category-al-dia"],"_links":{"self":[{"href":"https:\/\/www.semanariolocal.cl\/index.php?rest_route=\/wp\/v2\/posts\/13807","targetHints":{"allow":["GET"]}}],"collection":[{"href":"https:\/\/www.semanariolocal.cl\/index.php?rest_route=\/wp\/v2\/posts"}],"about":[{"href":"https:\/\/www.semanariolocal.cl\/index.php?rest_route=\/wp\/v2\/types\/post"}],"author":[{"embeddable":true,"href":"https:\/\/www.semanariolocal.cl\/index.php?rest_route=\/wp\/v2\/users\/1"}],"replies":[{"embeddable":true,"href":"https:\/\/www.semanariolocal.cl\/index.php?rest_route=%2Fwp%2Fv2%2Fcomments&post=13807"}],"version-history":[{"count":1,"href":"https:\/\/www.semanariolocal.cl\/index.php?rest_route=\/wp\/v2\/posts\/13807\/revisions"}],"predecessor-version":[{"id":13809,"href":"https:\/\/www.semanariolocal.cl\/index.php?rest_route=\/wp\/v2\/posts\/13807\/revisions\/13809"}],"wp:featuredmedia":[{"embeddable":true,"href":"https:\/\/www.semanariolocal.cl\/index.php?rest_route=\/wp\/v2\/media\/13808"}],"wp:attachment":[{"href":"https:\/\/www.semanariolocal.cl\/index.php?rest_route=%2Fwp%2Fv2%2Fmedia&parent=13807"}],"wp:term":[{"taxonomy":"category","embeddable":true,"href":"https:\/\/www.semanariolocal.cl\/index.php?rest_route=%2Fwp%2Fv2%2Fcategories&post=13807"},{"taxonomy":"post_tag","embeddable":true,"href":"https:\/\/www.semanariolocal.cl\/index.php?rest_route=%2Fwp%2Fv2%2Ftags&post=13807"}],"curies":[{"name":"wp","href":"https:\/\/api.w.org\/{rel}","templated":true}]}}