{"id":13722,"date":"2023-07-15T18:33:44","date_gmt":"2023-07-15T22:33:44","guid":{"rendered":"https:\/\/www.semanariolocal.cl\/?p=13722"},"modified":"2023-07-15T18:33:46","modified_gmt":"2023-07-15T22:33:46","slug":"diputado-borquez-denuncia-falta-de-priorizacion-en-atencion-de-pacientes-en-zonas-extremas","status":"publish","type":"post","link":"https:\/\/www.semanariolocal.cl\/?p=13722","title":{"rendered":"Diputado Borquez denuncia falta de priorizaci\u00f3n en atenci\u00f3n de pacientes en zonas extremas"},"content":{"rendered":"\n<p>As\u00ed lo denunci\u00f3 el legislador por la regi\u00f3n de Los Lagos, en el caso de un paciente derivado del hospital de Chait\u00e9n al hospital base de Puerto Montt, que luego de m\u00e1s de 10 horas de espera fue atendido.<\/p>\n\n\n\n<p>A juicio del legislador, los pacientes derivados de zonas extremas \u00abdeben ser priorizados especialmente cuando vienen con un diagn\u00f3stico cr\u00edtico, no podemos dejarlos en la sala de espera. Hago un llamado a la ministra de Salud, porque esto se debe protocolizar, estamos hablando de personas que viven en zonas extremas como las provincias de Chilo\u00e9 y Palena, que ya trasladarse a Puerto Montt significan largas horas, y \u00e9ste paciente podr\u00eda haber muerto esperando ser atendido\u201d.<\/p>\n\n\n\n<p>B\u00f3rquez subray\u00f3 que este caso \u00abno es fortuito, sino bastante grave y por ello solicito una reuni\u00f3n inmediata con las autoridades ministeriales, ya que estamos hablando de una situaci\u00f3n que est\u00e1 pasando en el hospital regional y que afecta a personas y familias, que deben ser necesariamente derivadas a este centro asistencial cuando est\u00e1n con un diagn\u00f3stico complejo como el del don Juan Tampier, que presentaba un accidente vascular encef\u00e1lico, que afortunadamente se encuentra en recuperaci\u00f3n\u201d<\/p>\n","protected":false},"excerpt":{"rendered":"<p>Una dura cr\u00edtica y un llamado al sentido com\u00fan realiz\u00f3 el diputado por el Distrito 26, Fernando B\u00f3rquez (Ind.-UDI), en sesi\u00f3n de la C\u00e1mara de Diputadas y Diputados realizada este martes, producto de una postergada y lenta atenci\u00f3n de pacientes derivados del hospital de Chait\u00e9n.<\/p>\n","protected":false},"author":1,"featured_media":13723,"comment_status":"closed","ping_status":"closed","sticky":false,"template":"","format":"standard","meta":{"footnotes":""},"categories":[3,6],"tags":[337,273,132,247,133],"class_list":["post-13722","post","type-post","status-publish","format-standard","has-post-thumbnail","hentry","category-al-dia","category-politica","tag-informacion","tag-noticias","tag-osorno","tag-region-de-los-lagos","tag-semanario-local"],"_links":{"self":[{"href":"https:\/\/www.semanariolocal.cl\/index.php?rest_route=\/wp\/v2\/posts\/13722","targetHints":{"allow":["GET"]}}],"collection":[{"href":"https:\/\/www.semanariolocal.cl\/index.php?rest_route=\/wp\/v2\/posts"}],"about":[{"href":"https:\/\/www.semanariolocal.cl\/index.php?rest_route=\/wp\/v2\/types\/post"}],"author":[{"embeddable":true,"href":"https:\/\/www.semanariolocal.cl\/index.php?rest_route=\/wp\/v2\/users\/1"}],"replies":[{"embeddable":true,"href":"https:\/\/www.semanariolocal.cl\/index.php?rest_route=%2Fwp%2Fv2%2Fcomments&post=13722"}],"version-history":[{"count":1,"href":"https:\/\/www.semanariolocal.cl\/index.php?rest_route=\/wp\/v2\/posts\/13722\/revisions"}],"predecessor-version":[{"id":13724,"href":"https:\/\/www.semanariolocal.cl\/index.php?rest_route=\/wp\/v2\/posts\/13722\/revisions\/13724"}],"wp:featuredmedia":[{"embeddable":true,"href":"https:\/\/www.semanariolocal.cl\/index.php?rest_route=\/wp\/v2\/media\/13723"}],"wp:attachment":[{"href":"https:\/\/www.semanariolocal.cl\/index.php?rest_route=%2Fwp%2Fv2%2Fmedia&parent=13722"}],"wp:term":[{"taxonomy":"category","embeddable":true,"href":"https:\/\/www.semanariolocal.cl\/index.php?rest_route=%2Fwp%2Fv2%2Fcategories&post=13722"},{"taxonomy":"post_tag","embeddable":true,"href":"https:\/\/www.semanariolocal.cl\/index.php?rest_route=%2Fwp%2Fv2%2Ftags&post=13722"}],"curies":[{"name":"wp","href":"https:\/\/api.w.org\/{rel}","templated":true}]}}