{"id":13716,"date":"2023-07-15T12:46:56","date_gmt":"2023-07-15T16:46:56","guid":{"rendered":"https:\/\/www.semanariolocal.cl\/?p=13716"},"modified":"2023-07-15T12:46:57","modified_gmt":"2023-07-15T16:46:57","slug":"medico-infectologa-uss-se-refiere-a-posible-origen-de-enfermedad-del-diputado-barria","status":"publish","type":"post","link":"https:\/\/www.semanariolocal.cl\/?p=13716","title":{"rendered":"M\u00e9dico infect\u00f3loga USS se refiere a posible origen de enfermedad del diputado Barr\u00eda"},"content":{"rendered":"\n<p>M\u00e1s de una d\u00e9cada de labor profesional, investigativa y en la academia posicionan a la Dra. Loreto Twele como referente en el \u00e1rea de la Infectolog\u00eda, especialmente por su aporte al convertirse en un referente obligado en temas sensibles, como ocurri\u00f3 con la pandemia del Covid.<\/p>\n\n\n\n<p>La acad\u00e9mica de la Universidad San Sebasti\u00e1n, al conocer el diagn\u00f3stico entregado por el estado de salud del diputado H\u00e9ctor Barr\u00eda indic\u00f3 que \u201cla listeriosis es una enfermedad grave que puede ser adquirida a trav\u00e9s de la ingesta de alimentos que contengan o est\u00e9n contaminados con la bacteria que generalmente son de origen animal\u201d.<\/p>\n\n\n\n<p>Entre los alimentos mencion\u00f3 algunos en los cuales se han registrado estos hallazgos como lo son \u201cencurtidos, cecinas o quesos. Tambi\u00e9n ha sido encontrado en sushi y otro tipo de alimentos\u201d.<\/p>\n\n\n\n<p>La profesional indic\u00f3 que \u201cal ingerir esta bacteria en personas que tengan alguna condici\u00f3n basal o algo que predisponga a la infecci\u00f3n, las personas pueden tener una infecci\u00f3n grave que produce bacteremia y meningitis, como es el caso del paciente, que son tratadas con antibi\u00f3ticos por cerca de dos semanas, con general mejor\u00eda de los pacientes\u201d.<\/p>\n\n\n\n<p>Seg\u00fan el informe m\u00e9dico del Hospital Base de Osorno, la recuperaci\u00f3n del paciente deber\u00eda producirse en unos 15 d\u00edas con tratamiento farmacol\u00f3gico.<\/p>\n","protected":false},"excerpt":{"rendered":"<p>M\u00e9dico infect\u00f3loga y acad\u00e9mica de la sede de La Patagonia de la Universidad San Sebasti\u00e1n se\u00f1ala sobre el origen de la patolog\u00eda que afecta a parlamentario de la zona.<\/p>\n","protected":false},"author":1,"featured_media":13717,"comment_status":"closed","ping_status":"closed","sticky":false,"template":"","format":"standard","meta":{"footnotes":""},"categories":[3,8,6],"tags":[337,273,247,133],"class_list":["post-13716","post","type-post","status-publish","format-standard","has-post-thumbnail","hentry","category-al-dia","category-comunas","category-politica","tag-informacion","tag-noticias","tag-region-de-los-lagos","tag-semanario-local"],"_links":{"self":[{"href":"https:\/\/www.semanariolocal.cl\/index.php?rest_route=\/wp\/v2\/posts\/13716","targetHints":{"allow":["GET"]}}],"collection":[{"href":"https:\/\/www.semanariolocal.cl\/index.php?rest_route=\/wp\/v2\/posts"}],"about":[{"href":"https:\/\/www.semanariolocal.cl\/index.php?rest_route=\/wp\/v2\/types\/post"}],"author":[{"embeddable":true,"href":"https:\/\/www.semanariolocal.cl\/index.php?rest_route=\/wp\/v2\/users\/1"}],"replies":[{"embeddable":true,"href":"https:\/\/www.semanariolocal.cl\/index.php?rest_route=%2Fwp%2Fv2%2Fcomments&post=13716"}],"version-history":[{"count":1,"href":"https:\/\/www.semanariolocal.cl\/index.php?rest_route=\/wp\/v2\/posts\/13716\/revisions"}],"predecessor-version":[{"id":13718,"href":"https:\/\/www.semanariolocal.cl\/index.php?rest_route=\/wp\/v2\/posts\/13716\/revisions\/13718"}],"wp:featuredmedia":[{"embeddable":true,"href":"https:\/\/www.semanariolocal.cl\/index.php?rest_route=\/wp\/v2\/media\/13717"}],"wp:attachment":[{"href":"https:\/\/www.semanariolocal.cl\/index.php?rest_route=%2Fwp%2Fv2%2Fmedia&parent=13716"}],"wp:term":[{"taxonomy":"category","embeddable":true,"href":"https:\/\/www.semanariolocal.cl\/index.php?rest_route=%2Fwp%2Fv2%2Fcategories&post=13716"},{"taxonomy":"post_tag","embeddable":true,"href":"https:\/\/www.semanariolocal.cl\/index.php?rest_route=%2Fwp%2Fv2%2Ftags&post=13716"}],"curies":[{"name":"wp","href":"https:\/\/api.w.org\/{rel}","templated":true}]}}