{"id":13710,"date":"2023-07-14T20:04:00","date_gmt":"2023-07-15T00:04:00","guid":{"rendered":"https:\/\/www.semanariolocal.cl\/?p=13710"},"modified":"2023-07-15T00:05:39","modified_gmt":"2023-07-15T04:05:39","slug":"inflacion-anual-de-adultos-mayores-se-ubica-por-debajo-del-ipc","status":"publish","type":"post","link":"https:\/\/www.semanariolocal.cl\/?p=13710","title":{"rendered":"Inflaci\u00f3n anual de adultos mayores se ubica por debajo del IPC"},"content":{"rendered":"\n<p>El&nbsp;<a href=\"https:\/\/politicaspublicas.uss.cl\/\" target=\"_blank\" rel=\"noreferrer noopener\">Centro de Pol\u00edticas P\u00fablicas<\/a>&nbsp;de la&nbsp;<a href=\"https:\/\/www.uss.cl\/\" target=\"_blank\" rel=\"noreferrer noopener\">Universidad San Sebasti\u00e1n<\/a>&nbsp;arroj\u00f3 en su informe de \u00cdndice de Precios del Adulto Mayor (IPAM) que en junio de 2023 este indicador alcanz\u00f3 una variaci\u00f3n de 7,2% en 12 meses, es decir, 0,4 puntos porcentuales por debajo de la variaci\u00f3n anual del IPC.<\/p>\n\n\n\n<p>Este indicador tiene como objetivo dar seguimiento a trav\u00e9s del tiempo al comportamiento de los precios de la canasta de consumo de los hogares liderados por adultos mayores de 65 a\u00f1os, cuya composici\u00f3n es distinta a la canasta general que mide el IPC. Seg\u00fan la medici\u00f3n mensual de la USS,&nbsp;<strong>este es el tercer mes consecutivo que la variaci\u00f3n en 12 meses se ha mantenido por debajo de la del IPC.<\/strong><\/p>\n\n\n\n<p><strong>Persiste inflaci\u00f3n para adultos mayores vulnerables<\/strong><\/p>\n\n\n\n<p>Otro de los resultados arrojados por el informe USS es la persistencia de la inflaci\u00f3n en mayor medida para los adultos mayores de menores ingresos, en comparaci\u00f3n a otros segmentos. Al evaluar las diferencias seg\u00fan la situaci\u00f3n socioecon\u00f3mica de los hogares liderados por mayores de 65 a\u00f1os,&nbsp;<strong>la inflaci\u00f3n anot\u00f3 una variaci\u00f3n de 8,2% en 12 meses para los adultos mayores de menores ingresos,&nbsp;<\/strong>2 puntos porcentuales m\u00e1s alto que la variaci\u00f3n anual para el quintil de adultos mayores de m\u00e1s altos ingresos (6,2%).<\/p>\n\n\n\n<p>Nicol\u00e1s Rojas, investigador del Centro de Pol\u00edticas P\u00fablicas de la USS y uno de los realizadores del informe, asegura que \u201cpor tercer mes consecutivo, la variaci\u00f3n en 12 meses del IPAM se ha mantenido por debajo de la variaci\u00f3n del IPC. Esto significa que los precios de la canasta que consumen nuestros adultos mayores est\u00e1n subiendo a un ritmo menor que los de la canasta consumida por la poblaci\u00f3n general. Sin embargo, esto no sucede para aquellos adultos mayores m\u00e1s vulnerables, cuya canasta de consumo aumenta a un ritmo m\u00e1s acelerado que el IPC\u201d.<\/p>\n\n\n\n<p>Durante junio, 7 de las 12 divisiones que conforman la canasta del IPAM afectaron a la baja la variaci\u00f3n mensual del \u00edndice. Destac\u00f3 la baja de vestuario y calzado (-2,0%) y de recreaci\u00f3n y cultura (-0,9%). Vivienda y transporte fueron las que m\u00e1s incidieron de manera negativa al IPAM. En contraparte, alimentos y bebidas no alcoh\u00f3licas registr\u00f3 una variaci\u00f3n mensual igual a 0,3%, siendo la que m\u00e1s incidi\u00f3 al alza al IPAM en 0,068 p.p.<\/p>\n\n\n\n<p>\u201cTodo parece indicar que la pol\u00edtica contractiva aplicada por el Banco Central finalmente est\u00e1 logrando contener la inflaci\u00f3n en el pa\u00eds. Todas las se\u00f1ales apuntan a que en la pr\u00f3xima reuni\u00f3n veremos que el ente emisor anunciar\u00eda una baja en la tasa de pol\u00edtica monetaria\u201d, finaliza con respecto al informe Karol Fern\u00e1ndez, investigadora Centro de Pol\u00edticas P\u00fablicas de la USS.<\/p>\n\n\n\n<p>Revisa los resultados del&nbsp;<a href=\"https:\/\/cdn.uss.cl\/content\/uploads\/2023\/07\/12193641\/2023-06-Indice-de-Precios-del-Adulto-Mayor-IPAM.pdf\" target=\"_blank\" rel=\"noreferrer noopener\">IPAM de junio 2023<\/a>. &nbsp;<\/p>\n","protected":false},"excerpt":{"rendered":"<p>Por tercer mes consecutivo, el \u00edndice calculado por el Centro de Pol\u00edticas P\u00fablicas de la USS se ha mantenido por debajo de la variaci\u00f3n en 12 meses del IPC, lo que significa que los precios de la canasta de adultos mayores est\u00e1n subiendo a un ritmo menor que la canasta de la poblaci\u00f3n general.<\/p>\n","protected":false},"author":1,"featured_media":13711,"comment_status":"closed","ping_status":"closed","sticky":false,"template":"","format":"standard","meta":{"footnotes":""},"categories":[12,11],"tags":[337,550,273,132,247,133],"class_list":["post-13710","post","type-post","status-publish","format-standard","has-post-thumbnail","hentry","category-economia","category-educacion","tag-informacion","tag-ipc","tag-noticias","tag-osorno","tag-region-de-los-lagos","tag-semanario-local"],"_links":{"self":[{"href":"https:\/\/www.semanariolocal.cl\/index.php?rest_route=\/wp\/v2\/posts\/13710","targetHints":{"allow":["GET"]}}],"collection":[{"href":"https:\/\/www.semanariolocal.cl\/index.php?rest_route=\/wp\/v2\/posts"}],"about":[{"href":"https:\/\/www.semanariolocal.cl\/index.php?rest_route=\/wp\/v2\/types\/post"}],"author":[{"embeddable":true,"href":"https:\/\/www.semanariolocal.cl\/index.php?rest_route=\/wp\/v2\/users\/1"}],"replies":[{"embeddable":true,"href":"https:\/\/www.semanariolocal.cl\/index.php?rest_route=%2Fwp%2Fv2%2Fcomments&post=13710"}],"version-history":[{"count":1,"href":"https:\/\/www.semanariolocal.cl\/index.php?rest_route=\/wp\/v2\/posts\/13710\/revisions"}],"predecessor-version":[{"id":13712,"href":"https:\/\/www.semanariolocal.cl\/index.php?rest_route=\/wp\/v2\/posts\/13710\/revisions\/13712"}],"wp:featuredmedia":[{"embeddable":true,"href":"https:\/\/www.semanariolocal.cl\/index.php?rest_route=\/wp\/v2\/media\/13711"}],"wp:attachment":[{"href":"https:\/\/www.semanariolocal.cl\/index.php?rest_route=%2Fwp%2Fv2%2Fmedia&parent=13710"}],"wp:term":[{"taxonomy":"category","embeddable":true,"href":"https:\/\/www.semanariolocal.cl\/index.php?rest_route=%2Fwp%2Fv2%2Fcategories&post=13710"},{"taxonomy":"post_tag","embeddable":true,"href":"https:\/\/www.semanariolocal.cl\/index.php?rest_route=%2Fwp%2Fv2%2Ftags&post=13710"}],"curies":[{"name":"wp","href":"https:\/\/api.w.org\/{rel}","templated":true}]}}