{"id":13707,"date":"2023-07-14T16:10:00","date_gmt":"2023-07-14T20:10:00","guid":{"rendered":"https:\/\/www.semanariolocal.cl\/?p=13707"},"modified":"2023-07-14T19:25:13","modified_gmt":"2023-07-14T23:25:13","slug":"reforma-previsional-acuerdan-reunion-con-representantes-tecnicos-para-ingresar-indicaciones","status":"publish","type":"post","link":"https:\/\/www.semanariolocal.cl\/?p=13707","title":{"rendered":"Reforma previsional: Acuerdan reuni\u00f3n con representantes t\u00e9cnicos para ingresar indicaciones"},"content":{"rendered":"\n<p>Este viernes se llev\u00f3 a cabo la reuni\u00f3n entre el Gobierno y los partidos pol\u00edticos, con el objetivo de viabilizar la tramitaci\u00f3n de la reforma previsional. La cita fue encabezada por la ministra del Trabajo y Previsi\u00f3n Social, Jeannette Jara, y el ministro de la Secretar\u00eda General de la Presidencia (Segpres), \u00c1lvaro Elizalde, adem\u00e1s de los subsecretarios de Previsi\u00f3n Social, Claudio Reyes; de la Segpres, Macarena Lobos; y de Hacienda, Heidi Berner. La instancia tambi\u00e9n cont\u00f3 con la presencia del superintendente de Pensiones, Osvaldo Mac\u00edas.&nbsp;<\/p>\n\n\n\n<p>En la cita, que se desarroll\u00f3 en el Ministerio del Trabajo y Previsi\u00f3n Social, se acord\u00f3 fijar una reuni\u00f3n, que ser\u00e1 de car\u00e1cter t\u00e9cnico, que contar\u00e1 con representantes de cada uno de los partidos pol\u00edticos. Ello, con el objetivo de iniciar la discusi\u00f3n en torno a indicaciones que se podr\u00edan ingresar al proyecto de ley presentado por el Ejecutivo.<\/p>\n\n\n\n<p>La ministra Jara valor\u00f3 el encuentro con las diferentes tiendas pol\u00edticas. \u201cEn primer lugar, queremos agradecer como Gobierno la presencia de los partidos pol\u00edticos que est\u00e1n en el Congreso de nuestro pa\u00eds, manifestando su voluntad de di\u00e1logo. Agradecemos la disposici\u00f3n, porque en estos diez a\u00f1os que lleva pendiente el tema de las pensiones, no ha sido f\u00e1cil intentar llegar a un acuerdo y sabemos que, si hoy d\u00eda lo logramos, con nuestra responsabilidad habremos cumplido y eso es lo que nos motiva\u201d.<\/p>\n\n\n\n<p>\u201cHemos concordado con los partidos pol\u00edticos que cada una de las colectividades va a nombrar un encargado t\u00e9cnico, que va a estar el martes de la pr\u00f3xima semana en este Ministerio, iniciando la discusi\u00f3n de las principales indicaciones que queremos presentar y esperamos que, en definitiva, esto nos lleve a que podamos tener una reforma de las pensiones, que es un desaf\u00edo necesario e indispensable para la vida de las personas y para el futuro de nuestro pa\u00eds\u201d, a\u00f1adi\u00f3 la secretaria de Estado.&nbsp;<\/p>\n\n\n\n<p>Por su parte, el ministro de la Secretar\u00eda General de la Presidencia, \u00c1lvaro Elizalde, indic\u00f3 que \u201cquisiera valorar el esfuerzo que estamos haciendo para arribar a un buen acuerdo para Chile, entendiendo que no se puede seguir postergando una reforma previsional que permita aumentar de manera significativa las pensiones, no en muchos a\u00f1os m\u00e1s, sino que ahora en lo inmediato\u201d.&nbsp;<\/p>\n\n\n\n<p>\u201cEl Gobierno insisti\u00f3 en una propuesta que permite transitar hacia un verdadero sistema de seguridad social, para dar la dignidad que merecen las personas mayores en nuestro pa\u00eds. En Chile, el sistema de AFP no ha dado resultado y por eso esperamos una voluntad constructiva de todos los actores para avanzar a un buen entendimiento\u201d, agreg\u00f3 el ministro Elizalde.<\/p>\n\n\n\n<p><strong>Asistentes<\/strong><\/p>\n\n\n\n<figure class=\"wp-block-table is-style-stripes\"><table class=\"has-fixed-layout\"><tbody><tr><td><strong>Diputados y diputadas<\/strong><\/td><td><strong>Partido pol\u00edtico<\/strong><\/td><\/tr><tr><td>Rub\u00e9n Oyarzo&nbsp;<\/td><td>Partido de la Gente<\/td><\/tr><tr><td>Benjam\u00edn Moreno<\/td><td>Partido Republicano<\/td><\/tr><tr><td>Sara Concha<\/td><td>Partido Social Cristiano<\/td><\/tr><tr><td>Henry Leal<\/td><td>Uni\u00f3n Dem\u00f3crata Independiente<\/td><\/tr><tr><td>Cristi\u00e1n Labb\u00e9<\/td><td>Uni\u00f3n Dem\u00f3crata Independiente<\/td><\/tr><tr><td>Eduardo Dur\u00e1n&nbsp;<\/td><td>Renovaci\u00f3n Nacional<\/td><\/tr><tr><td>Ximena Ossand\u00f3n<\/td><td>Renovaci\u00f3n Nacional<\/td><\/tr><tr><td>Alberto Undurraga<\/td><td>Democracia Cristiana<\/td><\/tr><tr><td>H\u00e9ctor Ulloa&nbsp;<\/td><td>Partido por la Democracia<\/td><\/tr><tr><td>Juan Santana<\/td><td>Partido Socialista<\/td><\/tr><tr><td>Daniella Cicardini<\/td><td>Partido Socialista&nbsp;<\/td><\/tr><tr><td>Diego Ib\u00e1\u00f1ez<\/td><td>Convergencia Social<\/td><\/tr><tr><td>Luis Cuello<\/td><td>Partido Comunista<\/td><\/tr><tr><td>Andr\u00e9s Giordano&nbsp;<\/td><td>Independiente \/ Revoluci\u00f3n Democr\u00e1tica<\/td><\/tr><tr><td>Joanna P\u00e9rez<\/td><td>Partido Dem\u00f3cratas Chile<\/td><\/tr><tr><td>Claudia Mix<\/td><td>Comunes<\/td><\/tr><tr><td>Patricio Rosas<\/td><td>Independiente<\/td><\/tr><\/tbody><\/table><\/figure>\n\n\n\n<figure class=\"wp-block-table is-style-stripes\"><table class=\"has-fixed-layout\"><tbody><tr><td><strong>Senadores y senadoras<\/strong><\/td><td><strong>Partido pol\u00edtico<\/strong><\/td><\/tr><tr><td>Claudia Pascual<\/td><td>Partido Comunista<\/td><\/tr><tr><td>Ximena Rinc\u00f3n<\/td><td>Partido Dem\u00f3cratas Chile<\/td><\/tr><tr><td>Mat\u00edas Walker&nbsp;<\/td><td>Partido Dem\u00f3cratas Chile<\/td><\/tr><tr><td>Juan Ignacio Latorre<\/td><td>Revoluci\u00f3n Democr\u00e1tica&nbsp;<\/td><\/tr><\/tbody><\/table><\/figure>\n\n\n\n<figure class=\"wp-block-table is-style-stripes\"><table class=\"has-fixed-layout\"><tbody><tr><td><strong>Representantes de partidos y asesores<\/strong><\/td><td><strong>Partido pol\u00edtico<\/strong><\/td><\/tr><tr><td>Marco Velarde<\/td><td>Comunes<\/td><\/tr><tr><td>Camilo Escalona<\/td><td>Partido Socialista<\/td><\/tr><tr><td>Jos\u00e9 Toro<\/td><td>Partido por la Democracia<\/td><\/tr><tr><td>Patricio Neira<\/td><td>Federaci\u00f3n Regionalista Verde Social<\/td><\/tr><tr><td>Sebasti\u00e1n Ortiz<\/td><td>Partido Radical&nbsp;<\/td><\/tr><tr><td>\u00d3scar Oyarzo<\/td><td>Acci\u00f3n Humanista<\/td><\/tr><tr><td>Hugo Cifuentes<\/td><td>Democracia Cristiana&nbsp;<\/td><\/tr><tr><td>\u00c1lvaro Gallegos<\/td><td>Partido Socialista<\/td><\/tr><tr><td>Francisco del R\u00edo<\/td><td>Renovaci\u00f3n Nacional<\/td><\/tr><\/tbody><\/table><\/figure>\n","protected":false},"excerpt":{"rendered":"<p>Los ministros Jara y Elizalde valoraron el encuentro entre Gobierno y representantes de los partidos pol\u00edticos <\/p>\n","protected":false},"author":1,"featured_media":13708,"comment_status":"closed","ping_status":"closed","sticky":false,"template":"","format":"standard","meta":{"footnotes":""},"categories":[3,12,6],"tags":[337,273,132,247,133],"class_list":["post-13707","post","type-post","status-publish","format-standard","has-post-thumbnail","hentry","category-al-dia","category-economia","category-politica","tag-informacion","tag-noticias","tag-osorno","tag-region-de-los-lagos","tag-semanario-local"],"_links":{"self":[{"href":"https:\/\/www.semanariolocal.cl\/index.php?rest_route=\/wp\/v2\/posts\/13707","targetHints":{"allow":["GET"]}}],"collection":[{"href":"https:\/\/www.semanariolocal.cl\/index.php?rest_route=\/wp\/v2\/posts"}],"about":[{"href":"https:\/\/www.semanariolocal.cl\/index.php?rest_route=\/wp\/v2\/types\/post"}],"author":[{"embeddable":true,"href":"https:\/\/www.semanariolocal.cl\/index.php?rest_route=\/wp\/v2\/users\/1"}],"replies":[{"embeddable":true,"href":"https:\/\/www.semanariolocal.cl\/index.php?rest_route=%2Fwp%2Fv2%2Fcomments&post=13707"}],"version-history":[{"count":1,"href":"https:\/\/www.semanariolocal.cl\/index.php?rest_route=\/wp\/v2\/posts\/13707\/revisions"}],"predecessor-version":[{"id":13709,"href":"https:\/\/www.semanariolocal.cl\/index.php?rest_route=\/wp\/v2\/posts\/13707\/revisions\/13709"}],"wp:featuredmedia":[{"embeddable":true,"href":"https:\/\/www.semanariolocal.cl\/index.php?rest_route=\/wp\/v2\/media\/13708"}],"wp:attachment":[{"href":"https:\/\/www.semanariolocal.cl\/index.php?rest_route=%2Fwp%2Fv2%2Fmedia&parent=13707"}],"wp:term":[{"taxonomy":"category","embeddable":true,"href":"https:\/\/www.semanariolocal.cl\/index.php?rest_route=%2Fwp%2Fv2%2Fcategories&post=13707"},{"taxonomy":"post_tag","embeddable":true,"href":"https:\/\/www.semanariolocal.cl\/index.php?rest_route=%2Fwp%2Fv2%2Ftags&post=13707"}],"curies":[{"name":"wp","href":"https:\/\/api.w.org\/{rel}","templated":true}]}}