{"id":13698,"date":"2023-07-14T15:00:00","date_gmt":"2023-07-14T19:00:00","guid":{"rendered":"https:\/\/www.semanariolocal.cl\/?p=13698"},"modified":"2023-07-14T18:17:45","modified_gmt":"2023-07-14T22:17:45","slug":"vallespin-emplaza-al-ejecutivo-y-al-gore-de-aysen-para-buscar-solucion-por-zonas-contiguas","status":"publish","type":"post","link":"https:\/\/www.semanariolocal.cl\/?p=13698","title":{"rendered":"Vallespin emplaza al Ejecutivo y al GORE de Ays\u00e9n, para buscar soluci\u00f3n por \u201czonas contiguas\u201d"},"content":{"rendered":"\n<p>Luego que la Corte de Apelaciones de Coyhaique rechaz\u00f3 la solicitud presentada por el GORE para sumarse como tercero interviniente en apoyo de la Subpesca, instituci\u00f3n recurrida en la acci\u00f3n legal presentada en la vecina regi\u00f3n.<\/p>\n\n\n\n<p>Seg\u00fan el tribunal no pueden intervenir terceros por tratarse de un procedimiento cautelar sin contienda entre las partes. Lo que es refutado por el equipo jur\u00eddico del Gobierno Regional de Los Lagos, lo que se traduce en presentar un recurso de reposici\u00f3n para que se permita la intervenci\u00f3n de la instituci\u00f3n en los t\u00e9rminos esperados.<\/p>\n\n\n\n<p>Conocido el escenario, el Gobernador Vallespin, advirti\u00f3 nuevamente que <em>\u201cya lo hemos dicho, probablemente esto va a seguir escalando y nosotros vamos a llegar hasta la Corte Suprema \u2013 si es necesario \u2013 junto a la Subpesca, que en este caso es quien decreta la resoluci\u00f3n y la elabora. Nosotros sin duda que somos, a nuestro modo de entender, un tercer actor interviniente porque lo que suceder\u00e1 en el territorio y ah\u00ed el nivel nacional yo creo que tiene que estar claro, que ac\u00e1 se puede estar construyendo una situaci\u00f3n compleja desde el punto de vista social son muchas las familias que viven de la pesca artesanal, de la extracci\u00f3n de recursos sostenible que se hace en Ays\u00e9n.\u201d<\/em><\/p>\n\n\n\n<p>La m\u00e1xima autoridad en la Regi\u00f3n de Los Lagos, agreg\u00f3 <em>que \u201cyo creo que tambi\u00e9n el Gobierno Regional de Ays\u00e9n, que fue muy detonante de esta materia, debiera asumir alg\u00fan rol, no se trata s\u00f3lo aqu\u00ed de poner las banderas y decir: \u201cSi los recursos son de la regi\u00f3n y por tanto nadie los toca\u201d. Aqu\u00ed hay un acuerdo de trabajo hist\u00f3rico de Ays\u00e9n y Los Lagos, respecto de esta materia y que se comienza a romper, que ojal\u00e1 nunca hubiera llegado a Tribunales ya que es un proceso que siempre ha estado en los t\u00e9cnico y en lo pol\u00edtico con los acuerdos que se establec\u00edan, pero ahora, estamos en otro escenario, por tanto, tambi\u00e9n el GORE de Ays\u00e9n, debiera jugar un rol en esta materia buscando colaborar en la soluci\u00f3n m\u00e1s que solo arengar a que ac\u00e1, los recursos de la regi\u00f3n no pueden ser&nbsp; &#8211; entre comillas &#8211; \u201cusados\u201d, por los pescadores de Los Lagos, cuando hist\u00f3ricamente la cadena productiva de los recursos que ah\u00ed se extraen, cuentan con participaci\u00f3n de la gente de mar de Ays\u00e9n y Los Lagos, adem\u00e1s, todos los procesos de producci\u00f3n est\u00e1n y han estado hist\u00f3ricamente en la Regi\u00f3n de Los Lagos, porque all\u00e1 no hay capacidad productiva de procesamiento.\u201d<\/em><\/p>\n\n\n\n<p>El tema en lo legal, se mantiene en desarrollo y se espera que en lo pr\u00f3ximo se conozca el futuro de las acciones legales interpuestas por el Gobierno Regional en defensa de los pescadores artesanales de Los Lagos.<\/p>\n","protected":false},"excerpt":{"rendered":"<p>\u00abAqu\u00ed hay un acuerdo de trabajo hist\u00f3rico de Ays\u00e9n y Los Lagos, respecto de esta materia   que se comienza a romper\u00bb, indic\u00f3 el Gobernador regional de los Lagos<\/p>\n","protected":false},"author":1,"featured_media":13699,"comment_status":"closed","ping_status":"closed","sticky":false,"template":"","format":"standard","meta":{"footnotes":""},"categories":[3,9],"tags":[1568,337,273,132,113,247,133],"class_list":["post-13698","post","type-post","status-publish","format-standard","has-post-thumbnail","hentry","category-al-dia","category-gobierno","tag-aysen-2","tag-informacion","tag-noticias","tag-osorno","tag-puerto-montt","tag-region-de-los-lagos","tag-semanario-local"],"_links":{"self":[{"href":"https:\/\/www.semanariolocal.cl\/index.php?rest_route=\/wp\/v2\/posts\/13698","targetHints":{"allow":["GET"]}}],"collection":[{"href":"https:\/\/www.semanariolocal.cl\/index.php?rest_route=\/wp\/v2\/posts"}],"about":[{"href":"https:\/\/www.semanariolocal.cl\/index.php?rest_route=\/wp\/v2\/types\/post"}],"author":[{"embeddable":true,"href":"https:\/\/www.semanariolocal.cl\/index.php?rest_route=\/wp\/v2\/users\/1"}],"replies":[{"embeddable":true,"href":"https:\/\/www.semanariolocal.cl\/index.php?rest_route=%2Fwp%2Fv2%2Fcomments&post=13698"}],"version-history":[{"count":1,"href":"https:\/\/www.semanariolocal.cl\/index.php?rest_route=\/wp\/v2\/posts\/13698\/revisions"}],"predecessor-version":[{"id":13700,"href":"https:\/\/www.semanariolocal.cl\/index.php?rest_route=\/wp\/v2\/posts\/13698\/revisions\/13700"}],"wp:featuredmedia":[{"embeddable":true,"href":"https:\/\/www.semanariolocal.cl\/index.php?rest_route=\/wp\/v2\/media\/13699"}],"wp:attachment":[{"href":"https:\/\/www.semanariolocal.cl\/index.php?rest_route=%2Fwp%2Fv2%2Fmedia&parent=13698"}],"wp:term":[{"taxonomy":"category","embeddable":true,"href":"https:\/\/www.semanariolocal.cl\/index.php?rest_route=%2Fwp%2Fv2%2Fcategories&post=13698"},{"taxonomy":"post_tag","embeddable":true,"href":"https:\/\/www.semanariolocal.cl\/index.php?rest_route=%2Fwp%2Fv2%2Ftags&post=13698"}],"curies":[{"name":"wp","href":"https:\/\/api.w.org\/{rel}","templated":true}]}}