{"id":13630,"date":"2023-07-11T23:30:50","date_gmt":"2023-07-12T03:30:50","guid":{"rendered":"https:\/\/www.semanariolocal.cl\/?p=13630"},"modified":"2023-07-11T23:30:50","modified_gmt":"2023-07-12T03:30:50","slug":"diputada-marlene-perez-exige-renuncia-del-ministro-jackson-es-una-carga-para-este-gobierno","status":"publish","type":"post","link":"https:\/\/www.semanariolocal.cl\/?p=13630","title":{"rendered":"Diputada Marlene P\u00e9rez exige renuncia del Ministro Jackson: \u00abEs una carga para este Gobierno\u00bb."},"content":{"rendered":"\n<p>La diputada Marlene P\u00e9rez, Presidenta de la Comisi\u00f3n de Desarrollo Social de la C\u00e1mara de Diputados, exigi\u00f3 la renuncia inmediata del Ministro Giorgio Jackson. P\u00e9rez afirma sin titubeos, que el Ministro Jackson es \u201cuna carga para este Gobierno y para los chilenos\u201d.<\/p>\n\n\n\n<p>La parlamentaria, quien ha denunciado en\u00e9rgicamente las irregularidades que han ocurrido bajo la gesti\u00f3n del Ministro Jackson en el Ministerio de Desarrollo Social, explic\u00f3 que \u201csu desempe\u00f1o ha sido nefasto, perdi\u00f3 toda credibilidad y se ha transformado en el Ministro peor evaluado en las encuestas, siendo vinculado directamente por las propias personas con el esc\u00e1ndalo de dineros y fundaciones. Tengo la convicci\u00f3n de que el Ministro Jackson le hace mal al Gobierno y al pa\u00eds\u00bb, asegura la diputada P\u00e9rez.<\/p>\n\n\n\n<p>La Diputada Marlene P\u00e9rez destac\u00f3 que, \u201cel Ministerio de Desarrollo Social es el que esta a cargo de las pol\u00edticas sociales y protecci\u00f3n de los derechos de los m\u00e1s vulnerables. Sin embargo, bajo la administraci\u00f3n de Jackson, esto no se ha cumplido, el mejor ejemplo es lo que ocurre con el Servicio Mejor Ni\u00f1ez, cierre de residencias, en Biob\u00edo sin Director titular y los mismo pasa con la Direcci\u00f3n Nacional. Adem\u00e1s&nbsp;el \u00faltimo esc\u00e1ndalo en San Pedro la Paz en donde se lo otorga una residencia a una fundaci\u00f3n reci\u00e9n creada y sin experiencia\u201d.<\/p>\n\n\n\n<p>\u201cAyer, incluso el Ministro se vi\u00f3 en la obligaci\u00f3n de retirar la urgencia de un proyecto de aumento en la inclusi\u00f3n laboral, presionado por los diputados de la Comisi\u00f3n, porque muchos de los recursos los ejecutan fundaciones y es imposible no ligarlo a las irregularidades conocidas. No es mi estilo andar pidiendo renuncias, pero el Ministro Jackson no se sostiene en su cargo\u201d. concluy\u00f3.<\/p>\n","protected":false},"excerpt":{"rendered":"<p>\u201csu desempe\u00f1o ha sido nefasto, perdi\u00f3 toda credibilidad y se ha transformado en el Ministro peor evaluado en las encuestas, siendo vinculado directamente por las propias personas con el esc\u00e1ndalo de dineros y fundaciones\u00bb, indic\u00f3 la parlamentaria.<\/p>\n","protected":false},"author":1,"featured_media":13631,"comment_status":"closed","ping_status":"closed","sticky":false,"template":"","format":"standard","meta":{"footnotes":""},"categories":[3],"tags":[337,273,132,247,133],"class_list":["post-13630","post","type-post","status-publish","format-standard","has-post-thumbnail","hentry","category-al-dia","tag-informacion","tag-noticias","tag-osorno","tag-region-de-los-lagos","tag-semanario-local"],"_links":{"self":[{"href":"https:\/\/www.semanariolocal.cl\/index.php?rest_route=\/wp\/v2\/posts\/13630","targetHints":{"allow":["GET"]}}],"collection":[{"href":"https:\/\/www.semanariolocal.cl\/index.php?rest_route=\/wp\/v2\/posts"}],"about":[{"href":"https:\/\/www.semanariolocal.cl\/index.php?rest_route=\/wp\/v2\/types\/post"}],"author":[{"embeddable":true,"href":"https:\/\/www.semanariolocal.cl\/index.php?rest_route=\/wp\/v2\/users\/1"}],"replies":[{"embeddable":true,"href":"https:\/\/www.semanariolocal.cl\/index.php?rest_route=%2Fwp%2Fv2%2Fcomments&post=13630"}],"version-history":[{"count":1,"href":"https:\/\/www.semanariolocal.cl\/index.php?rest_route=\/wp\/v2\/posts\/13630\/revisions"}],"predecessor-version":[{"id":13632,"href":"https:\/\/www.semanariolocal.cl\/index.php?rest_route=\/wp\/v2\/posts\/13630\/revisions\/13632"}],"wp:featuredmedia":[{"embeddable":true,"href":"https:\/\/www.semanariolocal.cl\/index.php?rest_route=\/wp\/v2\/media\/13631"}],"wp:attachment":[{"href":"https:\/\/www.semanariolocal.cl\/index.php?rest_route=%2Fwp%2Fv2%2Fmedia&parent=13630"}],"wp:term":[{"taxonomy":"category","embeddable":true,"href":"https:\/\/www.semanariolocal.cl\/index.php?rest_route=%2Fwp%2Fv2%2Fcategories&post=13630"},{"taxonomy":"post_tag","embeddable":true,"href":"https:\/\/www.semanariolocal.cl\/index.php?rest_route=%2Fwp%2Fv2%2Ftags&post=13630"}],"curies":[{"name":"wp","href":"https:\/\/api.w.org\/{rel}","templated":true}]}}