{"id":13620,"date":"2023-07-11T07:00:00","date_gmt":"2023-07-11T11:00:00","guid":{"rendered":"https:\/\/www.semanariolocal.cl\/?p=13620"},"modified":"2023-07-11T12:42:23","modified_gmt":"2023-07-11T16:42:23","slug":"sernac-lanza-consulta-ciudadana-nacional-por-proyecto-de-ley-sernac","status":"publish","type":"post","link":"https:\/\/www.semanariolocal.cl\/?p=13620","title":{"rendered":"SERNAC lanza Consulta Ciudadana Nacional por proyecto de ley SERNAC"},"content":{"rendered":"\n<p>El SERNAC lanz\u00f3 una consulta ciudadana que busca conocer la opini\u00f3n de las y los consumidores respecto de cu\u00e1n protegidos se sienten actualmente en materia de consumo y c\u00f3mo perciben el rol y las facultades con las que cuenta actualmente el Servicio.<\/p>\n\n\n\n<p>El ministro de Econom\u00eda, Nicol\u00e1s Grau, indic\u00f3 que el ingreso del proyecto para fortalecer el Sernac form\u00f3 parte de los anuncios importantes del presidente Gabriel Boric en su Cuenta P\u00fablica, \u201centre otras cosas, para darle la capacidad de sancionar, y proteger de mejor manera a las y los consumidores\u201d, se\u00f1al\u00f3 el ministro, haciendo una invitaci\u00f3n a las personas a ingresar a la encuesta desarrollada por el SERNAC \u201cpara que puedan contarnos sus experiencias como consumidores, podamos aprender m\u00e1s de aquello y de esa manera ir prepar\u00e1ndonos para este proyecto que prontamente va a ingresar y tomar esas consideraciones en el dise\u00f1o\u201d.<\/p>\n\n\n\n<p>Por su parte, el director nacional del SERNAC, Andr\u00e9s Herrera, junto con invitar a participar activamente a la ciudadan\u00eda en esta consulta ciudadana, indic\u00f3 que las respuestas obtenidas permitir\u00e1n presentar ante el Congreso Nacional un proyecto de ley m\u00e1s robusto y s\u00f3lido.<\/p>\n\n\n\n<p>\u201cActualmente estamos trabajando intensamente en el proyecto de ley que anunci\u00f3 el presidente Gabriel Boric en su pasada Cuenta P\u00fablica, cuyo objetivo es fortalecer y modernizar al SERNAC para que podamos defender de mejor forma los derechos de las y los consumidores del pa\u00eds. Con todo, para ingresar un proyecto a\u00fan m\u00e1s robusto y s\u00f3lido y responder adecuadamente a las exigencias de su tramitaci\u00f3n legislativa, necesitamos conocer e incluir la opini\u00f3n de la ciudadan\u00eda\u201d, sostuvo el Director del SERNAC.<\/p>\n\n\n\n<p>La autoridad indic\u00f3 que la informaci\u00f3n que entreguen los consumidores se permitir\u00e1 elaborar un proyecto no s\u00f3lo m\u00e1s robusto y s\u00f3lido, sino tambi\u00e9n m\u00e1s cercano y conectado con las necesidades que tienen las personas d\u00eda a d\u00eda en materia de consumo.<\/p>\n\n\n\n<p>La consulta ciudadana digital consta de 12 preguntas, todas con alternativas, y aborda diversas tem\u00e1ticas, como, por ejemplo, el comportamiento que tienen actualmente las empresas ante los reclamos de las y los consumidores y qu\u00e9 tipo de sanciones deber\u00edan tener en caso de incumplimientos.<\/p>\n\n\n\n<p>Tambi\u00e9n se consulta si el SERNAC deber\u00eda o no tener m\u00e1s facultades y c\u00f3mo se adec\u00faa la instituci\u00f3n a los cambios tecnol\u00f3gicos y al comercio electr\u00f3nico, entre otras.<\/p>\n\n\n\n<p>El lanzamiento de la consulta ciudadana se enmarca en la pr\u00f3xima presentaci\u00f3n ante el Congreso Nacional del proyecto de ley de fortalecimiento y modernizaci\u00f3n del SERNAC, iniciativa anunciada por el Presidente de la Rep\u00fablica Gabriel Boric en su pasada Cuenta P\u00fablica del 1\u00b0 de junio, y cuyo objetivo de mejorar el est\u00e1ndar de protecci\u00f3n de las y los consumidores del pa\u00eds.<\/p>\n\n\n\n<p>El proyecto de ley incluye una serie de medidas espec\u00edficas para mejorar y actualizar la Ley del Consumidor, cerrando algunas de las brechas detectadas y que se han originado con ocasi\u00f3n de la irrupci\u00f3n de las nuevas tecnolog\u00edas y de ciertas pr\u00e1cticas abusivas realizadas por algunas empresas.&nbsp;<\/p>\n\n\n\n<p><a><\/a>Mediante este proyecto de ley se busca principalmente dotar al SERNAC de la facultad de sancionar a las empresas que, en las relaciones de consumo que mantengan con consumidores en el \u00e1mbito individual, cometan infracciones a la Ley y no respeten sus derechos, problemas que hoy no son resueltos a trav\u00e9s de la gesti\u00f3n de reclamos, por la negativa u omisi\u00f3n de los proveedores de entregar soluciones oportunas y adecuadas.<\/p>\n\n\n\n<p>A trav\u00e9s del ejercicio de la facultad sancionatoria, el SERNAC podr\u00e1, a trav\u00e9s de un procedimiento eficiente, expedito y debidamente regulado, aplicar sanciones a las empresas infractoras, adem\u00e1s de otras medidas complementarias, tales como ordenarles el t\u00e9rmino de la conducta infractora y la restituci\u00f3n de los cobros indebidos que hayan realizado, adem\u00e1s de imponerles medidas orientadas a prevenir nuevas infracciones.<\/p>\n\n\n\n<p>La consulta ciudadana digital estar\u00e1 disponible en<a href=\"http:\/\/www.sernac.cl\/consulta\"><strong>www.sernac.cl\/consulta<\/strong><\/a>, desde el<strong> 10 al 23 de julio.&nbsp;<\/strong><\/p>\n","protected":false},"excerpt":{"rendered":"<p>Ante la pr\u00f3xima presentaci\u00f3n ante el Congreso Nacional del proyecto de ley de fortalecimiento y modernizaci\u00f3n del Servicio, las y los consumidores podr\u00e1n participar activamente de esta consulta ciudadana, indicando cu\u00e1n protegidos se sienten en materia de consumo y c\u00f3mo perciben el rol y las facultades actuales que dispone el SERNAC. Para poder expresar su opini\u00f3n, las y los consumidores deben visitar  www.sernac.cl\/consulta, desde el 10 al 23 de julio.  <\/p>\n","protected":false},"author":1,"featured_media":13621,"comment_status":"closed","ping_status":"closed","sticky":false,"template":"","format":"standard","meta":{"footnotes":""},"categories":[3],"tags":[],"class_list":["post-13620","post","type-post","status-publish","format-standard","has-post-thumbnail","hentry","category-al-dia"],"_links":{"self":[{"href":"https:\/\/www.semanariolocal.cl\/index.php?rest_route=\/wp\/v2\/posts\/13620","targetHints":{"allow":["GET"]}}],"collection":[{"href":"https:\/\/www.semanariolocal.cl\/index.php?rest_route=\/wp\/v2\/posts"}],"about":[{"href":"https:\/\/www.semanariolocal.cl\/index.php?rest_route=\/wp\/v2\/types\/post"}],"author":[{"embeddable":true,"href":"https:\/\/www.semanariolocal.cl\/index.php?rest_route=\/wp\/v2\/users\/1"}],"replies":[{"embeddable":true,"href":"https:\/\/www.semanariolocal.cl\/index.php?rest_route=%2Fwp%2Fv2%2Fcomments&post=13620"}],"version-history":[{"count":1,"href":"https:\/\/www.semanariolocal.cl\/index.php?rest_route=\/wp\/v2\/posts\/13620\/revisions"}],"predecessor-version":[{"id":13622,"href":"https:\/\/www.semanariolocal.cl\/index.php?rest_route=\/wp\/v2\/posts\/13620\/revisions\/13622"}],"wp:featuredmedia":[{"embeddable":true,"href":"https:\/\/www.semanariolocal.cl\/index.php?rest_route=\/wp\/v2\/media\/13621"}],"wp:attachment":[{"href":"https:\/\/www.semanariolocal.cl\/index.php?rest_route=%2Fwp%2Fv2%2Fmedia&parent=13620"}],"wp:term":[{"taxonomy":"category","embeddable":true,"href":"https:\/\/www.semanariolocal.cl\/index.php?rest_route=%2Fwp%2Fv2%2Fcategories&post=13620"},{"taxonomy":"post_tag","embeddable":true,"href":"https:\/\/www.semanariolocal.cl\/index.php?rest_route=%2Fwp%2Fv2%2Ftags&post=13620"}],"curies":[{"name":"wp","href":"https:\/\/api.w.org\/{rel}","templated":true}]}}