{"id":13607,"date":"2023-07-11T11:48:59","date_gmt":"2023-07-11T15:48:59","guid":{"rendered":"https:\/\/www.semanariolocal.cl\/?p=13607"},"modified":"2023-07-11T11:49:00","modified_gmt":"2023-07-11T15:49:00","slug":"ante-bajas-temperaturas-inia-entrega-recomendaciones-para-predios-ganaderos","status":"publish","type":"post","link":"https:\/\/www.semanariolocal.cl\/?p=13607","title":{"rendered":"Ante bajas temperaturas INIA entrega recomendaciones para predios ganaderos"},"content":{"rendered":"\n<p>\u201cEn las praderas el da\u00f1o por&nbsp;heladas ocurre cuando se forma hielo en el interior de los tejidos y se destruyen las c\u00e9lulas de las plantas. El da\u00f1o directo lo provocan los cristales de hielo que se forman en el protoplasma de las c\u00e9lulas (congelamiento intracelular), mientras que el da\u00f1o indirecto ocurre cuando los cristales se forman en el espacio extracelular. Ambos tipos de da\u00f1o pueden afectar a la planta completa o parte de ella, reduciendo su rendimiento y calidad\u201d, explic\u00f3 Alfredo Torres, especialista en praderas y cultivos forrajeros del Centro Regional de Investigaci\u00f3n INIA Remehue.<\/p>\n\n\n\n<p>\u201cCuando el agua del interior de las c\u00e9lulas pasa a trav\u00e9s de las membranas celulares y se deposita como cristales de hielo fuera de las c\u00e9lulas, al haber un descongelamiento r\u00e1pido o por efectos mec\u00e1nicos como pisoteo o paso de maquinaria, la planta se da\u00f1a por deshidrataci\u00f3n, tomando un color morado\u201d, a\u00f1adi\u00f3 el profesional.<a><\/a><\/p>\n\n\n\n<p>\u201cPara impedir esto el productor debe evitar el pisoteo en potreros congelados, usando los callejones o patios de espera mientras permanezca la escarcha\u201d, resalt\u00f3.<\/p>\n\n\n\n<p>Sostuvo que \u201cel congelamiento de las praderas trae consigo una disminuci\u00f3n en su tasa de crecimiento, afectando por ende la disponibilidad de forraje para los animales, haciendo necesario sustituir el pastoreo directo de la pradera con otro tipo de alimento que normalmente los productores tienen conservados como ensilaje de pradera o ma\u00edz, entre otras opciones. Sin embargo, si es necesario comprar alimentos suplementarios, se debe buscar el que tenga el menor costo por unidad de nutriente\u201d.<\/p>\n\n\n\n<p>A su juicio, otro aspecto importante a considerar en invierno es que \u201centre&nbsp;las funciones que debe cumplir el organismo de los animales est\u00e1 la mantenci\u00f3n de la temperatura corporal. Cuanto m\u00e1s extremo sea el fr\u00edo, una mayor cantidad de la energ\u00eda del alimento debe ser utilizada para mantener esta temperatura, dejando una menor cantidad para destinarla a producir leche, carne o la gestaci\u00f3n de una cr\u00eda, por ejemplo\u201d.<\/p>\n\n\n\n<p>En este sentido, \u201cel factor clim\u00e1tico que m\u00e1s afecta a los animales es el viento, por lo tanto, deben ser resguardados en potreros con matorrales u otro tipo de protecciones\u201d, subray\u00f3.<\/p>\n","protected":false},"excerpt":{"rendered":"<p>Debido a las heladas se ha declarado Alerta Temprana Preventiva para la Regi\u00f3n de Los Lagos.<\/p>\n","protected":false},"author":1,"featured_media":13608,"comment_status":"closed","ping_status":"closed","sticky":false,"template":"","format":"standard","meta":{"footnotes":""},"categories":[20,3],"tags":[],"class_list":["post-13607","post","type-post","status-publish","format-standard","has-post-thumbnail","hentry","category-agro","category-al-dia"],"_links":{"self":[{"href":"https:\/\/www.semanariolocal.cl\/index.php?rest_route=\/wp\/v2\/posts\/13607","targetHints":{"allow":["GET"]}}],"collection":[{"href":"https:\/\/www.semanariolocal.cl\/index.php?rest_route=\/wp\/v2\/posts"}],"about":[{"href":"https:\/\/www.semanariolocal.cl\/index.php?rest_route=\/wp\/v2\/types\/post"}],"author":[{"embeddable":true,"href":"https:\/\/www.semanariolocal.cl\/index.php?rest_route=\/wp\/v2\/users\/1"}],"replies":[{"embeddable":true,"href":"https:\/\/www.semanariolocal.cl\/index.php?rest_route=%2Fwp%2Fv2%2Fcomments&post=13607"}],"version-history":[{"count":1,"href":"https:\/\/www.semanariolocal.cl\/index.php?rest_route=\/wp\/v2\/posts\/13607\/revisions"}],"predecessor-version":[{"id":13609,"href":"https:\/\/www.semanariolocal.cl\/index.php?rest_route=\/wp\/v2\/posts\/13607\/revisions\/13609"}],"wp:featuredmedia":[{"embeddable":true,"href":"https:\/\/www.semanariolocal.cl\/index.php?rest_route=\/wp\/v2\/media\/13608"}],"wp:attachment":[{"href":"https:\/\/www.semanariolocal.cl\/index.php?rest_route=%2Fwp%2Fv2%2Fmedia&parent=13607"}],"wp:term":[{"taxonomy":"category","embeddable":true,"href":"https:\/\/www.semanariolocal.cl\/index.php?rest_route=%2Fwp%2Fv2%2Fcategories&post=13607"},{"taxonomy":"post_tag","embeddable":true,"href":"https:\/\/www.semanariolocal.cl\/index.php?rest_route=%2Fwp%2Fv2%2Ftags&post=13607"}],"curies":[{"name":"wp","href":"https:\/\/api.w.org\/{rel}","templated":true}]}}