{"id":13596,"date":"2023-07-24T07:00:00","date_gmt":"2023-07-24T11:00:00","guid":{"rendered":"https:\/\/www.semanariolocal.cl\/?p=13596"},"modified":"2023-07-10T22:51:08","modified_gmt":"2023-07-11T02:51:08","slug":"retroceso-glaciar-las-consecuencias-de-una-realidad-latente","status":"publish","type":"post","link":"https:\/\/www.semanariolocal.cl\/?p=13596","title":{"rendered":"Retroceso glaciar: las consecuencias de una realidad latente"},"content":{"rendered":"\n<p>La desglaciaci\u00f3n es un fen\u00f3meno de creciente preocupaci\u00f3n por nuestros d\u00edas, producto del cambio clim\u00e1tico que ha acelerado los procesos de retroceso de los glaciares. Adem\u00e1s de las consecuencias ambientales y en los recursos h\u00eddricos, la degradaci\u00f3n y exposici\u00f3n de las laderas en la alta monta\u00f1a \u2013producto de este fen\u00f3meno- incentiva la generaci\u00f3n de procesos de remoci\u00f3n en masa.<\/p>\n\n\n\n<p>Por este motivo, el investigador del&nbsp;<a href=\"https:\/\/www.uoh.cl\/instituto-de-ciencias-de-la-ingenieria\/\" target=\"_blank\" rel=\"noreferrer noopener\">Instituto de Ciencias de la Ingenier\u00eda<\/a>&nbsp;de la&nbsp;<a href=\"https:\/\/www.uoh.cl\/\" target=\"_blank\" rel=\"noreferrer noopener\">Universidad de O\u2019Higgins<\/a>,&nbsp;<a href=\"https:\/\/www.uoh.cl\/instituto-de-ciencias-de-la-ingenieria\/academico\/sergio-sepulveda\/\" target=\"_blank\" rel=\"noreferrer noopener\">Sergio Sep\u00falveda<\/a>, junto a los investigadores\/as de la Universidad de Chile: Christian Tobar, Vannesa Rosales, Felipe Ochoa y Marisol Lara, trabajaron el art\u00edculo \u00ab<a href=\"https:\/\/link.springer.com\/article\/10.1007\/s11069-023-06067-x#Sec5\" target=\"_blank\" rel=\"noreferrer noopener\">Megadeslizamientos y desglaciaci\u00f3n: modelizaci\u00f3n de dos estudios de caso en Los Andes Centrales<\/a>\u00ab, recientemente publicado en la revista cient\u00edfica&nbsp;<em>Natural Hazards<\/em>.<\/p>\n\n\n<div class=\"wp-block-image\">\n<figure class=\"alignleft size-large\"><img loading=\"lazy\" decoding=\"async\" width=\"480\" height=\"600\" src=\"https:\/\/www.semanariolocal.cl\/wp-content\/uploads\/2023\/07\/Mont2-480x600.jpg\" alt=\"\" class=\"wp-image-13598\" srcset=\"https:\/\/www.semanariolocal.cl\/wp-content\/uploads\/2023\/07\/Mont2-480x600.jpg 480w, https:\/\/www.semanariolocal.cl\/wp-content\/uploads\/2023\/07\/Mont2-240x300.jpg 240w, https:\/\/www.semanariolocal.cl\/wp-content\/uploads\/2023\/07\/Mont2-768x960.jpg 768w, https:\/\/www.semanariolocal.cl\/wp-content\/uploads\/2023\/07\/Mont2-1229x1536.jpg 1229w, https:\/\/www.semanariolocal.cl\/wp-content\/uploads\/2023\/07\/Mont2-1638x2048.jpg 1638w, https:\/\/www.semanariolocal.cl\/wp-content\/uploads\/2023\/07\/Mont2-1200x1500.jpg 1200w, https:\/\/www.semanariolocal.cl\/wp-content\/uploads\/2023\/07\/Mont2-scaled.jpg 2048w\" sizes=\"auto, (max-width: 480px) 100vw, 480px\" \/><\/figure>\n<\/div>\n\n\n<p>La investigaci\u00f3n se enfoca en el estudio de los deslizamientos de roca en los valles glaciares de Los Andes Centrales y c\u00f3mo la descarga por el retroceso de los glaciares puede contribuir a la ocurrencia de estos deslizamientos. Utiliza dos casos de Chile: el deslizamiento del Estero Parraguirre en 1987 y el deslizamiento de roca de Yerba Loca en 2018, ambos en la cordillera de la Regi\u00f3n Metropolitana.<\/p>\n\n\n\n<p>El objetivo de la investigaci\u00f3n fue validar la hip\u00f3tesis de que la descarga glaciar juega un papel importante en la inducci\u00f3n de deslizamientos de tierra en Los Andes Centrales. Para lograr esto, se realizaron modelos num\u00e9ricos utilizando el C\u00f3digo Universal de Elementos Distintos, junto con datos geol\u00f3gicos y geot\u00e9cnicos de estudios previos y observaciones de campo.<\/p>\n\n\n\n<p>Los resultados num\u00e9ricos mostraron que&nbsp;<strong><em>la combinaci\u00f3n de cambios de esfuerzo cortante debido a la descarga glacial y el control estructural de las discontinuidades principales pueden inducir grandes deslizamientos de roca<\/em><\/strong>.<\/p>\n\n\n\n<p>El estudio \u2013adem\u00e1s- destaca la importancia de comprender la mec\u00e1nica de falla de taludes para evaluar los riesgos geol\u00f3gicos en Los Andes y otras regiones monta\u00f1osas.<\/p>\n\n\n\n<p>\u201cEn el estudio se model\u00f3 el retroceso glaciar evaluando los efectos geomec\u00e1nicos en los esfuerzos y deformaciones de las laderas, verific\u00e1ndose que la desglaciaci\u00f3n produce cambios en el estado tensional de la superficie de la ladera y activaci\u00f3n de discontinuidades en la roca que coinciden con las zonas deslizadas. Esto indica que el retroceso glaciar act\u00faa como un factor preparatorio que deja la ladera en un estado cercano a la inestabilidad, pudiendo ahora generarse la remoci\u00f3n en masa bajo desencadenantes clim\u00e1ticos o s\u00edsmicos\u201d, explica el Dr. Sep\u00falveda.<\/p>\n\n\n\n<p>El investigador UOH explica \u2013adem\u00e1s- que durante el estudio se utilizaron herramientas de modelamiento num\u00e9rico bidimensional en medios discontinuos, con datos obtenidos de im\u00e1genes satelitales y observaciones de terreno de las zonas deslizadas, \u201ca las cuales solo se pudo acceder por helic\u00f3ptero por su gran altura y lejan\u00eda\u201d.<\/p>\n\n\n\n<p>Los resultados \u2013de todo este trabajo- sugieren que la redistribuci\u00f3n del estr\u00e9s y el da\u00f1o a la masa rocosa causados por la desglaciaci\u00f3n pueden conducir a una falla progresiva en las pendientes monta\u00f1osas. \u201cSin embargo, se requiere m\u00e1s investigaci\u00f3n de detalle para comprender mejor estos procesos y evaluar los riesgos geol\u00f3gicos en la regi\u00f3n\u201d, se\u00f1ala el experto.<\/p>\n\n\n\n<p>\u201cEstos an\u00e1lisis abren la interrogante sobre el efecto de la desglaciaci\u00f3n actual y lo que genera en la estabilidad de laderas inmediatamente adyacentes al frente glaciar actual. El aceleramiento del retroceso glaciar por efectos del cambio clim\u00e1tico aparentemente puede aumentar los casos de grandes deslizamientos de roca y hielo, como ya se ha observado en algunas regiones monta\u00f1osas de Asia central y Canad\u00e1. Estos mega deslizamientos de roca, si bien son remotos, tienen el potencial de derivar en grandes aluviones que bajan por los valles, generando riesgos importantes para las comunidades cercanas\u201d, finaliza el investigador.&nbsp;<\/p>\n","protected":false},"excerpt":{"rendered":"<p>El investigador de la Universidad de O\u2019Higgins (UOH), Sergio Sep\u00falveda, estudi\u00f3 el fen\u00f3meno y, junto a un grupo de investigadores, alerta de sus secuelas.<\/p>\n","protected":false},"author":1,"featured_media":13597,"comment_status":"closed","ping_status":"closed","sticky":false,"template":"","format":"standard","meta":{"footnotes":""},"categories":[3,11],"tags":[],"class_list":["post-13596","post","type-post","status-publish","format-standard","has-post-thumbnail","hentry","category-al-dia","category-educacion"],"_links":{"self":[{"href":"https:\/\/www.semanariolocal.cl\/index.php?rest_route=\/wp\/v2\/posts\/13596","targetHints":{"allow":["GET"]}}],"collection":[{"href":"https:\/\/www.semanariolocal.cl\/index.php?rest_route=\/wp\/v2\/posts"}],"about":[{"href":"https:\/\/www.semanariolocal.cl\/index.php?rest_route=\/wp\/v2\/types\/post"}],"author":[{"embeddable":true,"href":"https:\/\/www.semanariolocal.cl\/index.php?rest_route=\/wp\/v2\/users\/1"}],"replies":[{"embeddable":true,"href":"https:\/\/www.semanariolocal.cl\/index.php?rest_route=%2Fwp%2Fv2%2Fcomments&post=13596"}],"version-history":[{"count":1,"href":"https:\/\/www.semanariolocal.cl\/index.php?rest_route=\/wp\/v2\/posts\/13596\/revisions"}],"predecessor-version":[{"id":13599,"href":"https:\/\/www.semanariolocal.cl\/index.php?rest_route=\/wp\/v2\/posts\/13596\/revisions\/13599"}],"wp:featuredmedia":[{"embeddable":true,"href":"https:\/\/www.semanariolocal.cl\/index.php?rest_route=\/wp\/v2\/media\/13597"}],"wp:attachment":[{"href":"https:\/\/www.semanariolocal.cl\/index.php?rest_route=%2Fwp%2Fv2%2Fmedia&parent=13596"}],"wp:term":[{"taxonomy":"category","embeddable":true,"href":"https:\/\/www.semanariolocal.cl\/index.php?rest_route=%2Fwp%2Fv2%2Fcategories&post=13596"},{"taxonomy":"post_tag","embeddable":true,"href":"https:\/\/www.semanariolocal.cl\/index.php?rest_route=%2Fwp%2Fv2%2Ftags&post=13596"}],"curies":[{"name":"wp","href":"https:\/\/api.w.org\/{rel}","templated":true}]}}