{"id":13570,"date":"2023-07-10T21:04:01","date_gmt":"2023-07-11T01:04:01","guid":{"rendered":"https:\/\/www.semanariolocal.cl\/?p=13570"},"modified":"2023-07-10T21:04:02","modified_gmt":"2023-07-11T01:04:02","slug":"guarda-tus-lagrimas-el-nuevo-thriller-psicologico-de-roberto-vega","status":"publish","type":"post","link":"https:\/\/www.semanariolocal.cl\/?p=13570","title":{"rendered":"Guarda tus l\u00e1grimas: El nuevo thriller psicol\u00f3gico de Roberto Vega"},"content":{"rendered":"\n<p>Enfrentar un duelo con un desconocido para salvarle la vida a un amigo. Ese es el eje central de&nbsp;<strong>Guarda tus l\u00e1grimas<\/strong>&nbsp;de Roberto Vega, una novela llena de suspenso y tensi\u00f3n que nos sumergir\u00e1 en la vida de un exitoso operador de inversiones, fan\u00e1tico de La Il\u00edada, quien despierta una enorme envidia en su entorno debido a su pomposo estilo de vida. Sin embargo, de pronto se ve envuelto en un confuso incidente que lo obligar\u00e1 a batirse a muerte con un hombre an\u00f3nimo, marcando as\u00ed el comienzo de una espiral descendente en su vida.<\/p>\n\n\n\n<p>A medida que la trama se desarrolla, este hombre que parece tenerlo todo se sume en una profunda crisis y se ve arrastrado hacia un panorama de caos y destrucci\u00f3n. Sin m\u00e1s opciones, decida embarcarse en una b\u00fasqueda obsesiva para descubrir la identidad de su retador, aunque parad\u00f3jicamente siempre ha conocido los motivos detr\u00e1s de este misterioso desaf\u00edo.<\/p>\n\n\n\n<p>El lanzamiento de novela cont\u00f3 con la participaci\u00f3n de la periodista y presidenta del C\u00edrculo de Cr\u00edticos de Arte de Chile, Ana Josefa Silva, y de los destacados acad\u00e9micos Francisco Covarrubias y \u00c1lvaro Fisher.<\/p>\n\n\n\n<p><strong><em>\u201cGuarda tus l\u00e1grimas<\/em><\/strong>&nbsp;es un thriller psicol\u00f3gico que no da respiro al lector desde aquella fat\u00eddica primera l\u00ednea: \u2018En una hora debo enfrentar un duelo a muerte\u2019. La novela combina elementos propios del cine negro y la tensi\u00f3n caracter\u00edstica de las pel\u00edculas de Hitchcock. Los lectores se ver\u00e1n condenados a vivir con ansiedad y miedo hasta que se cumplan los designios y emerja la verdad celosamente escondida\u201d, se\u00f1al\u00f3 Ana Josefa Silva.<\/p>\n\n\n\n<p>Francisco Covarrubias la defini\u00f3 como \u201cuna novela interesante, entretenida, bien escrita, que es muy \u00e1gil y que, por lo tanto, permite adentrarse en una historia que est\u00e1 marcada por el suspenso. Un thriller psicol\u00f3gico, pero que est\u00e1 inmerso en buenas reflexiones sobre la vida misma, las contradicciones del ser humano, la importancia de los cl\u00e1sicos, todo lo cual configura una buena obra que vale la pena recomendar\u201d.<\/p>\n\n\n\n<p>En tanto, \u00c1lvaro Fisher asegur\u00f3 que \u201clos lectores se encontrar\u00e1n con un libro muy entretenido, muy interesante y muy intrigante en ciertos aspectos (\u2026) Roberto Vega logra incorporar todos esos elementos m\u00e1s el suspenso que el duelo mortal provee como una especie de cl\u00edmax narrativo en una ensortijada historia, sorprendente por lo inaudita -\u00bfqui\u00e9n puede participar en un duelo a muerte en pleno siglo XXI- al mismo tiempo que humana, porque los sentimientos que los personajes encarnan y despiertan son los que cualquier humano podr\u00eda vivenciar si estuviera sometido a circunstancias similares\u201d.<\/p>\n\n\n\n<p>Roberto Vega Masso fue vicerrector acad\u00e9mico en la Universidad Finis Terrae, donde actualmente ejerce como acad\u00e9mico de la Facultad de Econom\u00eda y Negocios. Es autor de los libros de cuentos \u201cEl Pensador y su sombra\u201d (2021) y \u201cRetrato de una joven prometida\u201d (2022).<\/p>\n\n\n\n<p>Su novela<strong><em>\u00a0Guarda tus l\u00e1grimas<\/em><\/strong>\u00a0ya est\u00e1 a la venta en\u00a0<a href=\"https:\/\/boletines.editorialforja.cl\/c\/86g8y\/brciwao6\/a8cjqatkl9o\" target=\"_blank\" rel=\"noreferrer noopener\"><strong><mark style=\"background-color:rgba(0, 0, 0, 0)\" class=\"has-inline-color has-vivid-purple-color\">editorialforja.cl<\/mark><\/strong><\/a>, en librer\u00edas de todo el pa\u00eds y en plataformas de venta en l\u00ednea. Pronto tambi\u00e9n estar\u00e1 disponible en formato\u00a0<em>ebook<\/em>\u00a0en las principales tiendas del ramo.<\/p>\n","protected":false},"excerpt":{"rendered":"<p>Guarda tus l\u00e1grimas de Roberto Vega es una novela cautivadora que promete llevar a los lectores en un viaje vertiginoso a trav\u00e9s de la mente del protagonista y sumergirlos en una trama repleta de misterio, suspenso y una inquietante b\u00fasqueda de la verdad.<\/p>\n","protected":false},"author":1,"featured_media":13571,"comment_status":"closed","ping_status":"closed","sticky":false,"template":"","format":"standard","meta":{"footnotes":""},"categories":[3],"tags":[157,337,273,132,247,133],"class_list":["post-13570","post","type-post","status-publish","format-standard","has-post-thumbnail","hentry","category-al-dia","tag-editorial-forjas","tag-informacion","tag-noticias","tag-osorno","tag-region-de-los-lagos","tag-semanario-local"],"_links":{"self":[{"href":"https:\/\/www.semanariolocal.cl\/index.php?rest_route=\/wp\/v2\/posts\/13570","targetHints":{"allow":["GET"]}}],"collection":[{"href":"https:\/\/www.semanariolocal.cl\/index.php?rest_route=\/wp\/v2\/posts"}],"about":[{"href":"https:\/\/www.semanariolocal.cl\/index.php?rest_route=\/wp\/v2\/types\/post"}],"author":[{"embeddable":true,"href":"https:\/\/www.semanariolocal.cl\/index.php?rest_route=\/wp\/v2\/users\/1"}],"replies":[{"embeddable":true,"href":"https:\/\/www.semanariolocal.cl\/index.php?rest_route=%2Fwp%2Fv2%2Fcomments&post=13570"}],"version-history":[{"count":1,"href":"https:\/\/www.semanariolocal.cl\/index.php?rest_route=\/wp\/v2\/posts\/13570\/revisions"}],"predecessor-version":[{"id":13572,"href":"https:\/\/www.semanariolocal.cl\/index.php?rest_route=\/wp\/v2\/posts\/13570\/revisions\/13572"}],"wp:featuredmedia":[{"embeddable":true,"href":"https:\/\/www.semanariolocal.cl\/index.php?rest_route=\/wp\/v2\/media\/13571"}],"wp:attachment":[{"href":"https:\/\/www.semanariolocal.cl\/index.php?rest_route=%2Fwp%2Fv2%2Fmedia&parent=13570"}],"wp:term":[{"taxonomy":"category","embeddable":true,"href":"https:\/\/www.semanariolocal.cl\/index.php?rest_route=%2Fwp%2Fv2%2Fcategories&post=13570"},{"taxonomy":"post_tag","embeddable":true,"href":"https:\/\/www.semanariolocal.cl\/index.php?rest_route=%2Fwp%2Fv2%2Ftags&post=13570"}],"curies":[{"name":"wp","href":"https:\/\/api.w.org\/{rel}","templated":true}]}}