{"id":13477,"date":"2023-07-03T23:15:47","date_gmt":"2023-07-04T03:15:47","guid":{"rendered":"https:\/\/www.semanariolocal.cl\/?p=13477"},"modified":"2023-07-03T23:15:48","modified_gmt":"2023-07-04T03:15:48","slug":"cooprinsem-participo-y-celebro-el-dia-internacional-de-las-cooperativas","status":"publish","type":"post","link":"https:\/\/www.semanariolocal.cl\/?p=13477","title":{"rendered":"Cooprinsem particip\u00f3 y celebr\u00f3 el D\u00eda Internacional de las Cooperativas"},"content":{"rendered":"\n<p>Este pasado fin de semana, Cooprinsem se hizo presente en la Expo Cooperativas 2023, jornada organizada por el Instituto de Desarrollo Agropecuario, INDAP, perteneciente al Ministerio de Agricultura en conjunto con la Divisi\u00f3n de Asociatividad y Cooperativas, DAES, del Ministerio de Econom\u00eda, Fomento y Turismo; la cual se realiz\u00f3 en la Carpa del Centro de Estudios Cient\u00edficos de Valdivia.<\/p>\n\n\n\n<p>De esta manera, Cooprinsem particip\u00f3 activamente en el evento, exhibiendo sus laboratorios especializados en aguas, suelo, forraje y leche, as\u00ed como las Unidades de Control Lechero, Reproducci\u00f3n e Inseminaci\u00f3n Artificial, Cooprinsem Online y su sucursal en Valdivia.<\/p>\n\n\n\n<p>El objetivo principal de esta iniciativa fue destacar el aporte y las potencialidades sociales, econ\u00f3micas, ambientales y culturales de las cooperativas nacionales como agentes sustantivos en el desarrollo econ\u00f3mico local. Adem\u00e1s, se resalt\u00f3 el modelo de negocios centrado en las personas por encima del capital.<\/p>\n\n\n\n<p>La seremi de Econom\u00eda de Los R\u00edos, Alejandra V\u00e1squez, destac\u00f3 la importancia de la jornada celebrada en la regi\u00f3n, subrayando el esfuerzo de descentralizaci\u00f3n realizado. \u00abEste evento es un ejemplo de la labor que se ha llevado a cabo para descentralizar, especialmente en el \u00e1mbito de las cooperativas. Este enfoque contribuye al desarrollo territorial, algo de vital importancia para las regiones\u00bb.<\/p>\n\n\n\n<p>V\u00e1squez remarc\u00f3 que las cooperativas son una forma de organizaci\u00f3n empresarial colaborativa, con caracter\u00edsticas distintivas que las diferencian de otros modelos de negocio e hizo hincapi\u00e9 en que el sistema democr\u00e1tico en la toma de decisiones, donde todos los socios tienen voz y voto, es un elemento clave. \u00abTenemos un compromiso de seguir promoviendo este modelo, poniendo a las personas en el centro y fomentando el desarrollo econ\u00f3mico basado en sus necesidades\u00bb.<\/p>\n\n\n\n<p>Por su parte Cecilia Bartolotti, Directora de Relaciones Corporativas de Cooprinsem, sostuvo que \u00abnosotros somos parte de la Asociaci\u00f3n Nacional de Cooperativas, a trav\u00e9s de Cooperativas del Sur, por lo que esta fue una muy buena instancia para reunirnos, de mostrar apoyo, de dar a conocer lo que estamos realizando como Cooprinsem a nivel regional y tambi\u00e9n, resaltando as\u00ed la importancia que tienen las cooperativas a nivel nacional y su lugar trascendental para la econom\u00eda del pa\u00eds\u00bb.<\/p>\n\n\n\n<p>A su vez, Bartolloti apunt\u00f3 que \u00abla asociatividad es parte integral de nuestra cultura. En el caso de cualquier cooperativa, su estructura y fundamento se orientan hacia el beneficio y la mejora de la calidad de vida de sus socios. Por tanto, la asociatividad nos brinda la oportunidad de unirnos y buscar soluciones a los desaf\u00edos que enfrentan nuestros productores, as\u00ed como contribuir al desarrollo de la cadena agroalimentaria. Es por ello que, como Cooprinsem, nos esforzamos por continuar creciendo, dirigiendo tambi\u00e9n nuestra atenci\u00f3n hacia las nuevas generaciones y fomentando la cultura del cooperativismo\u00bb.<\/p>\n\n\n\n<p>Finalmente, el Jefe de la Sucursal Valdivia de Cooprinsem, Marcelo Henriquez, se mostr\u00f3 contento de poder dar a conocer el trabajo que ha venido desarrollando, a trav\u00e9s de los a\u00f1os, la cooperativa de los agricultores. \u00abNuestro crecimiento ha sido sumamente significativo, ya que hemos estado presentes en el sector agropecuario durante m\u00e1s de 50 a\u00f1os. Hemos sido clave en el desarrollo de la agricultura del futuro y, sin duda, queremos mantenernos a la vanguardia de las nuevas tecnolog\u00edas. Esto nos permitir\u00e1 seguir creciendo y brindando apoyo a nuestros cooperados\u00bb.&nbsp;<\/p>\n","protected":false},"excerpt":{"rendered":"<p>Evento se enmarc\u00f3 en la conmemoraci\u00f3n del D\u00eda Internacional de las Cooperativas, una celebraci\u00f3n que resalta el papel fundamental de estas organizaciones en la promoci\u00f3n de los valores de autogesti\u00f3n, solidaridad y equidad en todo el mundo.<\/p>\n","protected":false},"author":1,"featured_media":13478,"comment_status":"closed","ping_status":"closed","sticky":false,"template":"","format":"standard","meta":{"footnotes":""},"categories":[20,3],"tags":[34,337,273,132,247,133],"class_list":["post-13477","post","type-post","status-publish","format-standard","has-post-thumbnail","hentry","category-agro","category-al-dia","tag-cooprinsem","tag-informacion","tag-noticias","tag-osorno","tag-region-de-los-lagos","tag-semanario-local"],"_links":{"self":[{"href":"https:\/\/www.semanariolocal.cl\/index.php?rest_route=\/wp\/v2\/posts\/13477","targetHints":{"allow":["GET"]}}],"collection":[{"href":"https:\/\/www.semanariolocal.cl\/index.php?rest_route=\/wp\/v2\/posts"}],"about":[{"href":"https:\/\/www.semanariolocal.cl\/index.php?rest_route=\/wp\/v2\/types\/post"}],"author":[{"embeddable":true,"href":"https:\/\/www.semanariolocal.cl\/index.php?rest_route=\/wp\/v2\/users\/1"}],"replies":[{"embeddable":true,"href":"https:\/\/www.semanariolocal.cl\/index.php?rest_route=%2Fwp%2Fv2%2Fcomments&post=13477"}],"version-history":[{"count":1,"href":"https:\/\/www.semanariolocal.cl\/index.php?rest_route=\/wp\/v2\/posts\/13477\/revisions"}],"predecessor-version":[{"id":13479,"href":"https:\/\/www.semanariolocal.cl\/index.php?rest_route=\/wp\/v2\/posts\/13477\/revisions\/13479"}],"wp:featuredmedia":[{"embeddable":true,"href":"https:\/\/www.semanariolocal.cl\/index.php?rest_route=\/wp\/v2\/media\/13478"}],"wp:attachment":[{"href":"https:\/\/www.semanariolocal.cl\/index.php?rest_route=%2Fwp%2Fv2%2Fmedia&parent=13477"}],"wp:term":[{"taxonomy":"category","embeddable":true,"href":"https:\/\/www.semanariolocal.cl\/index.php?rest_route=%2Fwp%2Fv2%2Fcategories&post=13477"},{"taxonomy":"post_tag","embeddable":true,"href":"https:\/\/www.semanariolocal.cl\/index.php?rest_route=%2Fwp%2Fv2%2Ftags&post=13477"}],"curies":[{"name":"wp","href":"https:\/\/api.w.org\/{rel}","templated":true}]}}