{"id":13474,"date":"2023-07-03T07:30:00","date_gmt":"2023-07-03T11:30:00","guid":{"rendered":"https:\/\/www.semanariolocal.cl\/?p=13474"},"modified":"2023-07-03T23:00:19","modified_gmt":"2023-07-04T03:00:19","slug":"diputado-hector-barria-llama-a-aclarar-detalles-sobre-el-plan-siembra-por-chile","status":"publish","type":"post","link":"https:\/\/www.semanariolocal.cl\/?p=13474","title":{"rendered":"Diputado H\u00e9ctor Barr\u00eda llama a aclarar\u00a0 detalles sobre el Plan Siembra por Chile."},"content":{"rendered":"\n<p>El diputado expres\u00f3 la necesidad de conocer en qu\u00e9 consistir\u00e1 este plan y resalt\u00f3 la importancia de destinar nuevos y mayores recursos al sector agr\u00edcola.<\/p>\n\n\n\n<p><strong><em>En sus declaraciones, el diputado Barr\u00eda se\u00f1al\u00f3 que, en ocasiones, se busca dar nombres llamativos a planes y programas que ya existen, sin aumentar significativamente los recursos asignados. Adem\u00e1s, destac\u00f3 el aumento considerable de los precios de los alimentos provenientes del campo debido al incremento en los costos de los fertilizantes y las semillas.<\/em><\/strong><\/p>\n\n\n\n<p>Ante este panorama, el diputado reiter\u00f3 su llamado a que se divulgue con detalle y precisi\u00f3n en qu\u00e9 consistir\u00e1 el Plan Siembra por Chile, as\u00ed como los mecanismos de postulaci\u00f3n que estar\u00e1n disponibles. Asimismo, expres\u00f3 su preocupaci\u00f3n para evitar que se repitan situaciones de gobiernos anteriores, en las cuales programas ya existentes recib\u00edan nombres impactantes pero no lograban el efecto necesario, especialmente para la agricultura familiar campesina.<\/p>\n\n\n\n<p>El Plan Siembra por Chile tiene como objetivo fortalecer el sector agr\u00edcola y contribuir al desarrollo de la agricultura familiar campesina. El diputado Barr\u00eda espera que este segundo a\u00f1o del plan traiga consigo un aumento significativo en los recursos asignados y que se generen oportunidades reales de crecimiento y mejoramiento para los agricultores del pa\u00eds.<\/p>\n\n\n\n<p><strong><em>Se espera que las autoridades competentes respondan al llamado del diputado Barr\u00eda y brinden la informaci\u00f3n necesaria sobre el Plan Siembra por Chile, ofreciendo transparencia y detalle sobre las acciones que se llevar\u00e1n a cabo para beneficiar al agro y a quienes se dedican a esta importante labor en el pa\u00eds.<\/em><\/strong><\/p>\n","protected":false},"excerpt":{"rendered":"<p>El diputado H\u00e9ctor Barr\u00eda ha hecho un llamado a la Seremia de Agricultura y a la Direcci\u00f3n Regional de INDAP para que aclaren con precisi\u00f3n los detalles del Plan Siembra por Chile, el cual se llevar\u00e1 a cabo por segundo a\u00f1o consecutivo.<\/p>\n","protected":false},"author":1,"featured_media":13475,"comment_status":"closed","ping_status":"closed","sticky":false,"template":"","format":"standard","meta":{"footnotes":""},"categories":[20,3,6],"tags":[],"class_list":["post-13474","post","type-post","status-publish","format-standard","has-post-thumbnail","hentry","category-agro","category-al-dia","category-politica"],"_links":{"self":[{"href":"https:\/\/www.semanariolocal.cl\/index.php?rest_route=\/wp\/v2\/posts\/13474","targetHints":{"allow":["GET"]}}],"collection":[{"href":"https:\/\/www.semanariolocal.cl\/index.php?rest_route=\/wp\/v2\/posts"}],"about":[{"href":"https:\/\/www.semanariolocal.cl\/index.php?rest_route=\/wp\/v2\/types\/post"}],"author":[{"embeddable":true,"href":"https:\/\/www.semanariolocal.cl\/index.php?rest_route=\/wp\/v2\/users\/1"}],"replies":[{"embeddable":true,"href":"https:\/\/www.semanariolocal.cl\/index.php?rest_route=%2Fwp%2Fv2%2Fcomments&post=13474"}],"version-history":[{"count":1,"href":"https:\/\/www.semanariolocal.cl\/index.php?rest_route=\/wp\/v2\/posts\/13474\/revisions"}],"predecessor-version":[{"id":13476,"href":"https:\/\/www.semanariolocal.cl\/index.php?rest_route=\/wp\/v2\/posts\/13474\/revisions\/13476"}],"wp:featuredmedia":[{"embeddable":true,"href":"https:\/\/www.semanariolocal.cl\/index.php?rest_route=\/wp\/v2\/media\/13475"}],"wp:attachment":[{"href":"https:\/\/www.semanariolocal.cl\/index.php?rest_route=%2Fwp%2Fv2%2Fmedia&parent=13474"}],"wp:term":[{"taxonomy":"category","embeddable":true,"href":"https:\/\/www.semanariolocal.cl\/index.php?rest_route=%2Fwp%2Fv2%2Fcategories&post=13474"},{"taxonomy":"post_tag","embeddable":true,"href":"https:\/\/www.semanariolocal.cl\/index.php?rest_route=%2Fwp%2Fv2%2Ftags&post=13474"}],"curies":[{"name":"wp","href":"https:\/\/api.w.org\/{rel}","templated":true}]}}