{"id":13471,"date":"2023-07-03T07:10:00","date_gmt":"2023-07-03T11:10:00","guid":{"rendered":"https:\/\/www.semanariolocal.cl\/?p=13471"},"modified":"2023-07-03T22:57:17","modified_gmt":"2023-07-04T02:57:17","slug":"piden-invocar-ley-de-seguridad-interior-del-estado-por-fatal-asalto-en-peaje-santa-clara","status":"publish","type":"post","link":"https:\/\/www.semanariolocal.cl\/?p=13471","title":{"rendered":"Piden invocar Ley de Seguridad Interior del Estado por fatal asalto en peaje Santa Clara"},"content":{"rendered":"\n<p>Los diputados de la UDI que representan a la Regi\u00f3n de \u00d1uble, Crist\u00f3bal Mart\u00ednez y Marta Bravo, llamaron al Gobierno -en espec\u00edfico al Ministerio del Interior y Seguridad P\u00fablica- a querellarse por Ley de Seguridad Interior del Estado en contra de todos los implicados en el fatal asalto al peaje Santa Clara, ubicado en la comuna de Pemuco, que termin\u00f3 con la tr\u00e1gica muerte de un conductor de un furg\u00f3n, que colision\u00f3 con un bus luego que antisociales lanzaran \u201cmiguelitos\u201d en la Ruta 5 Sur.<\/p>\n\n\n\n<p>Al respecto, y junto con condenar el hecho delictual, los parlamentarios gremialistas calificaron la situaci\u00f3n como \u201cabsolutamente grave\u201d, asegurando que \u201ces fundamental e indispensable que las actuales autoridades ejerzan todas las acciones legales en contra de los responsables de este delito\u201d.<\/p>\n\n\n\n<p>\u201cLo que ocurri\u00f3 en el peaje Santa Clara es extremadamente grave y merece que las autoridades del Ministerio del Interior respondan de la misma forma contra estos delincuentes, que provocaron un verdadero caos en la Ruta 5 Sur, caus\u00e1ndole la muerte a una persona inocente que a esa hora transitaba por el lugar. Incluso, podr\u00edan haber ocasionado el fallecimiento de m\u00e1s personas, porque adem\u00e1s de los disparos al aire y las barricadas que realizaron, muchos veh\u00edculos terminaron da\u00f1ados producto del lanzamiento de miguelitos en la carretera\u201d, se\u00f1alaron los representantes de la zona.<\/p>\n\n\n\n<p>Por lo mismo, Mart\u00ednez y Bravo emplazaron al Ejecutivo, manifestando que \u201clo que corresponde frente a este tipo de casos es que invoquen la Ley de Seguridad Interior del Estado en contra de todos los delincuentes que est\u00e9n implicados\u201d, asegurando que \u201cesta es una herramienta que est\u00e1 a disposici\u00f3n de las autoridades cuando se cometen delitos que atentan de manera grave contra el orden p\u00fablico, de manera que no existe ninguna raz\u00f3n para que el Gobierno se mantenga imp\u00e1vido\u201d.<\/p>\n\n\n\n<p>\u201cLa Ley de Seguridad Interior del Estado establece, en uno de sus art\u00edculos, que puede ser aplicada contra los que provoquen des\u00f3rdenes o cualquier otro acto de violencia destinado a alterar la tranquilidad p\u00fablica. Por lo tanto, si el Gobierno decide no invocar esta ley, van a tener que explicarle muy bien a los chilenos por qu\u00e9 no consideran como un atentado grave contra el orden p\u00fablico el lanzar miguelitos, disparar al aire y quemar veh\u00edculos para impedir que sean perseguidos\u201d, reiteraron los representantes de \u00d1uble, quienes finalmente emplazaron a las autoridades a \u201cdejar de mantener una actitud pasiva\u201d y responder \u201cde la misma forma como si estos delitos ocurrieran en Santiago\u201d.<\/p>\n\n\n\n<p>\u201cHace algunas semanas se produjo un evidente atentado terrorista en la comuna de R\u00e1nquil, pero el Gobierno no se querell\u00f3 por Ley Antiterrorista, tampoco quiso evaluar un Estado de Excepci\u00f3n Constitucional de Emergencia en la regi\u00f3n y, adem\u00e1s, no han implementado como corresponde la Ley de Infraestructura Cr\u00edtica. Por lo tanto, lo que existe es una actitud de abandono con nuestra zona, que lamentablemente se repite cada vez que se producen estos hechos\u201d, concluyeron los parlamentarios<\/p>\n","protected":false},"excerpt":{"rendered":"<p>Crist\u00f3bal Mart\u00ednez y Marta Bravo (UDI) emplazaron al Ejecutivo a ocupar dicha herramienta, luego que un conductor falleciera producto de los \u201cmiguelitos\u201d que lanzaron los antisociales. <\/p>\n","protected":false},"author":1,"featured_media":13472,"comment_status":"closed","ping_status":"closed","sticky":false,"template":"","format":"standard","meta":{"footnotes":""},"categories":[6],"tags":[337,273,132,247,133],"class_list":["post-13471","post","type-post","status-publish","format-standard","has-post-thumbnail","hentry","category-politica","tag-informacion","tag-noticias","tag-osorno","tag-region-de-los-lagos","tag-semanario-local"],"_links":{"self":[{"href":"https:\/\/www.semanariolocal.cl\/index.php?rest_route=\/wp\/v2\/posts\/13471","targetHints":{"allow":["GET"]}}],"collection":[{"href":"https:\/\/www.semanariolocal.cl\/index.php?rest_route=\/wp\/v2\/posts"}],"about":[{"href":"https:\/\/www.semanariolocal.cl\/index.php?rest_route=\/wp\/v2\/types\/post"}],"author":[{"embeddable":true,"href":"https:\/\/www.semanariolocal.cl\/index.php?rest_route=\/wp\/v2\/users\/1"}],"replies":[{"embeddable":true,"href":"https:\/\/www.semanariolocal.cl\/index.php?rest_route=%2Fwp%2Fv2%2Fcomments&post=13471"}],"version-history":[{"count":1,"href":"https:\/\/www.semanariolocal.cl\/index.php?rest_route=\/wp\/v2\/posts\/13471\/revisions"}],"predecessor-version":[{"id":13473,"href":"https:\/\/www.semanariolocal.cl\/index.php?rest_route=\/wp\/v2\/posts\/13471\/revisions\/13473"}],"wp:featuredmedia":[{"embeddable":true,"href":"https:\/\/www.semanariolocal.cl\/index.php?rest_route=\/wp\/v2\/media\/13472"}],"wp:attachment":[{"href":"https:\/\/www.semanariolocal.cl\/index.php?rest_route=%2Fwp%2Fv2%2Fmedia&parent=13471"}],"wp:term":[{"taxonomy":"category","embeddable":true,"href":"https:\/\/www.semanariolocal.cl\/index.php?rest_route=%2Fwp%2Fv2%2Fcategories&post=13471"},{"taxonomy":"post_tag","embeddable":true,"href":"https:\/\/www.semanariolocal.cl\/index.php?rest_route=%2Fwp%2Fv2%2Ftags&post=13471"}],"curies":[{"name":"wp","href":"https:\/\/api.w.org\/{rel}","templated":true}]}}