{"id":13465,"date":"2023-07-03T07:00:00","date_gmt":"2023-07-03T11:00:00","guid":{"rendered":"https:\/\/www.semanariolocal.cl\/?p=13465"},"modified":"2023-07-03T22:43:20","modified_gmt":"2023-07-04T02:43:20","slug":"santo-tomas-osorno-fue-sede-de-audiencias-publicas-para-nueva-constitucion","status":"publish","type":"post","link":"https:\/\/www.semanariolocal.cl\/?p=13465","title":{"rendered":"Santo Tom\u00e1s Osorno fue sede de audiencias p\u00fablicas para nueva constituci\u00f3n"},"content":{"rendered":"\n<p>Las Instituciones Santo Tom\u00e1s Osorno fueron parte del nuevo proceso constitucional y a la sede, ubicada en Los Carera 753, llegaron distintos representantes de grupos y\/o comunidades, quienes tuvieron un espacio para opinar y exponer sobre temas espec\u00edficos del anteproyecto.<\/p>\n\n\n\n<p>Cada audiencia duraba 10 minutos, a excepci\u00f3n de los pueblos ind\u00edgenas quienes tuvieron 20 minutos para expresar sus ideas. Cada presentaci\u00f3n fue registrada en formato audiovisual para posteriormente ser enviada a la Secretar\u00eda de Participaci\u00f3n Ciudadana para su consideraci\u00f3n en la propuesta final de la nueva Carta Magna.<\/p>\n\n\n\n<p>En cada Instituci\u00f3n de Educaci\u00f3n Superior participante, la organizaci\u00f3n estuvo a cargo de un coordinador de campus o edificio, un coordinador de sala, un ministro de fe y un operador audiovisual.<\/p>\n\n\n\n<p>Para el coordinador de la sede Santo Tom\u00e1s en Osorno, Erwin Moreira, \u201cesta fue una oportunidad de que las agrupaciones y comunidades tuvieran la oportunidad de ser escuchadas. Se unieron en esta gran conversaci\u00f3n, compartieron sus ideas y aportaron en lo que ser\u00e1 el anteproyecto de constituci\u00f3n. En este sentido, destacamos adem\u00e1s que participaron nuestros estudiantes por ejemplo con encuestas, por lo que su contribuci\u00f3n fue esencial, diversa y con distintos puntos de vista\u201d.<\/p>\n\n\n\n<p>El coordinador agradeci\u00f3 a las y los ciudadanos que fueron parte de estas audiencias p\u00fablicas y que vinieron a Santo Tom\u00e1s a realizar sus exposiciones. Cabe mencionar a que a nivel nacional se agendaron m\u00e1s de 1.800 solicitudes en 40 universidades de distintos puntos del pa\u00eds.<\/p>\n","protected":false},"excerpt":{"rendered":"<p>Los grupos o comunidades presentaron sus propuestas basadas en salud, educaci\u00f3n, vivienda, entre otros temas, ante un ministro de fe. Las exposiciones fueron puestas a disposici\u00f3n del consejo que definir\u00e1 la nueva Carta Fundamental.<\/p>\n","protected":false},"author":1,"featured_media":13466,"comment_status":"closed","ping_status":"closed","sticky":false,"template":"","format":"standard","meta":{"footnotes":""},"categories":[3,6],"tags":[337,273,1686,132,247,133],"class_list":["post-13465","post","type-post","status-publish","format-standard","has-post-thumbnail","hentry","category-al-dia","category-politica","tag-informacion","tag-noticias","tag-nueva-constitucion","tag-osorno","tag-region-de-los-lagos","tag-semanario-local"],"_links":{"self":[{"href":"https:\/\/www.semanariolocal.cl\/index.php?rest_route=\/wp\/v2\/posts\/13465","targetHints":{"allow":["GET"]}}],"collection":[{"href":"https:\/\/www.semanariolocal.cl\/index.php?rest_route=\/wp\/v2\/posts"}],"about":[{"href":"https:\/\/www.semanariolocal.cl\/index.php?rest_route=\/wp\/v2\/types\/post"}],"author":[{"embeddable":true,"href":"https:\/\/www.semanariolocal.cl\/index.php?rest_route=\/wp\/v2\/users\/1"}],"replies":[{"embeddable":true,"href":"https:\/\/www.semanariolocal.cl\/index.php?rest_route=%2Fwp%2Fv2%2Fcomments&post=13465"}],"version-history":[{"count":1,"href":"https:\/\/www.semanariolocal.cl\/index.php?rest_route=\/wp\/v2\/posts\/13465\/revisions"}],"predecessor-version":[{"id":13467,"href":"https:\/\/www.semanariolocal.cl\/index.php?rest_route=\/wp\/v2\/posts\/13465\/revisions\/13467"}],"wp:featuredmedia":[{"embeddable":true,"href":"https:\/\/www.semanariolocal.cl\/index.php?rest_route=\/wp\/v2\/media\/13466"}],"wp:attachment":[{"href":"https:\/\/www.semanariolocal.cl\/index.php?rest_route=%2Fwp%2Fv2%2Fmedia&parent=13465"}],"wp:term":[{"taxonomy":"category","embeddable":true,"href":"https:\/\/www.semanariolocal.cl\/index.php?rest_route=%2Fwp%2Fv2%2Fcategories&post=13465"},{"taxonomy":"post_tag","embeddable":true,"href":"https:\/\/www.semanariolocal.cl\/index.php?rest_route=%2Fwp%2Fv2%2Ftags&post=13465"}],"curies":[{"name":"wp","href":"https:\/\/api.w.org\/{rel}","templated":true}]}}