{"id":13462,"date":"2023-07-03T22:35:51","date_gmt":"2023-07-04T02:35:51","guid":{"rendered":"https:\/\/www.semanariolocal.cl\/?p=13462"},"modified":"2023-07-03T22:37:08","modified_gmt":"2023-07-04T02:37:08","slug":"victimas-del-alto-nivel-de-delincuencia-y-donde-esta-la-justicia","status":"publish","type":"post","link":"https:\/\/www.semanariolocal.cl\/?p=13462","title":{"rendered":"V\u00edctimas del alto nivel de delincuencia\u2026 \u00bfy d\u00f3nde est\u00e1 la justicia?"},"content":{"rendered":"\n<p><strong>\u201cMientras los delincuentes tajeaban la cara de mi se\u00f1ora, ten\u00edan agarrado fuertemente por el cuello a mi hijo de 9 a\u00f1os amenazando violentamente con punzarle los ojos\u201d. <\/strong>Declaraci\u00f3n muy chocante del marido y padre del menor luego de que la familia fuera asaltada violentamentepor una banda de siete delincuentes menores de edad.<\/p>\n\n\n\n<p>La pregunta que todos se hacen es: \u00bfc\u00f3mo me defiendo de la delincuencia cuando las autoridades responsables, el gobierno y la justicia fallan de manera miserable? \u00bfA tiro limpio, tal como lo hizo un joven que fue asaltado por cuatro delincuentes juveniles armados y muy violentos que quer\u00edan robarle su auto? \u00bfDej\u00e1ndose robar, asaltar, golpear y asesinar?<\/p>\n\n\n\n<p>Hoy en d\u00eda, el temor, el miedo, la inseguridad y el sentimiento de victimizaci\u00f3n de la poblaci\u00f3n ante una ola de delincuentes que operan y se mueven a sus anchas \u2013de d\u00eda y de noche\u2013, ha escalado hasta niveles impensados y dif\u00edcil de superar: portonazos por doquier, robos a mano armada, secuestro, asesinato y descuartizamiento de las v\u00edctimas, ataques terroristas e incendiarios (contra personas, camiones y maquinarias pesadas, iglesias, escuelas, etc.), narcotr\u00e1fico a la luz del d\u00eda, contrataci\u00f3n de sicarios, etc.<\/p>\n\n\n\n<p>Es esta misma mezcla de miedo, rabia, temor e inseguridad, la que ha llevado a las v\u00edctimas de la delincuencia a encerrarse en sus casas y <strong>\u201cautoencarcelarse\u201d<\/strong>, en tanto que los delincuentes circulan tranquilamente y a todas horas por las calles.<\/p>\n\n\n\n<p>Fueron miles los ciudadanos que quisieron manifestar a trav\u00e9s de las redes sociales, Twitter, Facebook, Instagram, etc., su apoyo al joven que hace unas semanas atr\u00e1s se defendi\u00f3 disparando y matando a uno de sus atacantes. Algunos incluso, han se\u00f1alado que ha sido una l\u00e1stima que no haya abatido a los cuatro delincuentes que lo quisieron asaltar. Otras personas que han apoyado la acci\u00f3n de autodefensa se\u00f1alaron \u2013con justa raz\u00f3n\u2013 que, al parecerla justicia sufre de Alzheimer y que se encuentra extraviada de los tribunales de justicia, y que \u00faltimamente se la hab\u00eda visto deambular sin rumbo a trav\u00e9s de todo el pa\u00eds.<\/p>\n\n\n\n<p>\u00bfLa raz\u00f3n para tanto apoyo popular por parte de la ciudadan\u00eda?Porque los delincuentes no tienen ning\u00fan tipo de l\u00edmites, respeto, reparo o cuidado alguno por la integridad de las v\u00edctimas \u2013ya sea que se trate de ni\u00f1os, adultos mayores o mujeres\u2013 cuando deciden realizar un portonazo, asaltar a una familia o un hogar.<\/p>\n\n\n\n<p>El d\u00eda 28 de junio \u2013en su hogar y mientras eran asaltados de forma muy violenta\u2013 una mujer fue tajeada en su cara frente a su hijo de 9 a\u00f1os, mientras el ni\u00f1o era tomado fuertemente por el cuello como reh\u00e9n y amenazado con punzarle los ojos por una banda de siete asaltantes menores de edad. Para qu\u00e9 decir que muchos de estos criminales han eliminado de su conciencia todo tipo de moral o inhibici\u00f3n y les da lo mismo matar, violar o torturar.<\/p>\n\n\n\n<p>Tambi\u00e9n tenemos a una parte de estos peligrosos delincuentes que son menores de edad \u2013menores de 14 a\u00f1os\u2013 quienes se saben \u201c<strong>inimputables y sin discernimiento\u201d<\/strong>, a ra\u00edz de lo cual, sienten que pueden hacer cualquier barbaridad sin que la justicia los pueda tocar. Entonces\u2026 \u00bfqu\u00e9 elementos o factores gatillan en la gente querer defenderse de estos delincuentes con el mismo tipo de fuerza y violencia con el que son atacados?<\/p>\n\n\n\n<p>La respuesta, aun cuando no es sencilla ni simple, tiene algunos elementos en com\u00fan:<strong>&nbsp;(a)<\/strong>&nbsp;el fuerte deseo de resguardar la seguridad, bienestar e integridad f\u00edsica de la propia familia,&nbsp;<strong>(b)<\/strong>&nbsp;la defensa de sus bienes que han sido adquiridos con gran esfuerzo,&nbsp;<strong>(c)<\/strong>&nbsp;la defensa de la propiedad que es violentada de manera brutal,&nbsp;<strong>(d)<\/strong>&nbsp;a causa de la rabia y frustraci\u00f3n que se experimenta al ver c\u00f3mo se pisotean, una y otra vez, los derechos ciudadanos, sin que la justicia, las fuerzas policiales y las autoridades de gobierno responsables sean capaces de frenar esta vulneraci\u00f3n y se muestren incompetentes e ineficaces en garantizar la seguridad y los derechos ciudadanos.<\/p>\n\n\n\n<p>S\u00famese a lo anterior, los atentados terroristas con explosivos buscando derribar dos torres de alta tensi\u00f3n en Arauco y Valpara\u00edso, as\u00ed como el puente ferroviario Itata, con la finalidad de hacer descarrilar a un tren completo, el atentado terrorista al Parque E\u00f3lico de la regi\u00f3n de los R\u00edos y la quema de trece camiones de alto tonelaje con p\u00e9rdidas econ\u00f3micas por m\u00e1s de 700 millones de pesos, el ataque terrorista a un fundo en la Araucan\u00eda donde el due\u00f1o del predio recibi\u00f3 un disparo mientras la ministra Toh\u00e1 sosten\u00eda un punto de prensa en esta regi\u00f3n.<\/p>\n\n\n\n<p>En m\u00e1s de una ocasi\u00f3n se ha dicho que la guerra contra el narcotr\u00e1fico, el terrorismo y los ataques incendiarios estar\u00e1 perdida si muy pronto no se toman medidas m\u00e1s dr\u00e1sticas. Pues bien, si hemos de decir las cosas por su nombre, hay que se\u00f1alar que la guerra contra la delincuencia \u2013si se mantienen las inefectivas f\u00f3rmulas de combate que hasta ahora se han utilizado\u2013 tambi\u00e9n parece estar perdida y obligar\u00e1 a que la gente comiencen a armarse, a poner barricadas, a defenderse y a tomar, en definitiva, la justicia por sus propias manos.<\/p>\n\n\n\n<p>La gente est\u00e1 hastiada, saturada y cansada de que la injusticia prevalezca por sobre la justicia. Que la incompetencia de las autoridades responsables se demuestre con cada delincuente, asesino, violador y narcotraficante que sale libre y campante a la calle, s\u00f3lo horas despu\u00e9s de haber sido detenido y&nbsp;puesto ante la justicia. La otra pregunta que surge de manera natural, es\u2026 \u00bfde qu\u00e9 tipo de justicia estamos hablando? \u00bfLa que s\u00f3lo favorece los derechos de los malhechores? \u00bfLa que suelta a los delincuentes, y a las horas de haber sido puestos en libertad ya han violado, asaltado y cometido nuevos delitos?<\/p>\n\n\n\n<p>El a\u00f1o 2023 se ha convertido en un a\u00f1o emblem\u00e1tico para nuestro pa\u00eds, donde la indignaci\u00f3n ciudadana est\u00e1 alcanzando sus m\u00e1ximos niveles, castigando abiertamente al gobierno actual en todos los frentes:<\/p>\n\n\n\n<p><strong>(a)<\/strong>&nbsp;alto nivel de desaprobaci\u00f3n a la gesti\u00f3n del gobierno por los casos de corrupci\u00f3n al interior del partido Revoluci\u00f3n Democr\u00e1tica y los miles de millones de pesos estafados al Estado y al Fisco a trav\u00e9s de fundaciones fraudulentas,<\/p>\n\n\n\n<p><strong>(b)&nbsp;<\/strong>elevado nivel de rechazo a la propia figura del mandatario,<\/p>\n\n\n\n<p><strong>(c)<\/strong>&nbsp;severo castigo de rechazo en las dos \u00faltimas elecciones y, por ende, rechazo al gobierno a trav\u00e9s de la entrega del voto a la oposici\u00f3n,<\/p>\n\n\n\n<p><strong>(d)<\/strong>&nbsp;bajo nivel de aprobaci\u00f3n al equipo pol\u00edtico, de salud y econ\u00f3mico por su incapacidad de manejar de manera adecuada los asuntos que son de su responsabilidad. (En salud han muerto ocho lactantes y beb\u00e9s que no recibieron la urgente atenci\u00f3n m\u00e9dica que necesitaban).<\/p>\n\n\n\n<p><strong>(e)<\/strong>&nbsp;rabia y frustraci\u00f3n en la gente como consecuencia de la puerta giratoria que representa la justicia, la que adem\u00e1s de dejar en libertad a cientos de ladrones, violadores, asesinos y traficantes de drogas, antes de cumplir su condena, se dedica a garantizar los derechos de los delincuentes, no as\u00ed los derechos de las v\u00edctimas que mueren a manos de estos deliencuentes.<\/p>\n\n\n\n<p>En una de las \u00faltimas encuestas m\u00e1s del 70% de la poblaci\u00f3n mencion\u00f3 como prioridad n\u00famero 1, el combate a la delincuencia, superando incluso a temas tan relevantes como la Salud y la Educaci\u00f3n. Es m\u00e1s. El combate a la delincuencia, es una de las \u00e1reas&nbsp;peor evaluadas&nbsp;en cuanto a la gesti\u00f3n del gobierno. En estos dos \u00faltimos a\u00f1os ha quedado claramente de manifiesto, que en materia de seguridad ciudadana el gobierno y el Estado tienen una enorme deuda con los 19 millones de habitantes de este pa\u00eds, quienes s\u00f3lo ans\u00edan vivir en paz, con seguridad, en armon\u00eda y con el resguardo pleno de sus derechos.<\/p>\n\n\n\n<p>\u00bfLo entender\u00e1 eso alguna vez el gobierno, o habr\u00e1 que esperar a que se desate una suerte de guerra civil en contra de la delincuencia para que eso suceda?<\/p>\n\n\n\n<p><strong>Dr. Franco Lotito C. \u2013 <a href=\"http:\/\/www.aurigaservicios.cl\">www.aurigaservicios.cl<\/a> &#8211; Acad\u00e9mico, escritor e investigador (PUC-UACh)<\/strong><\/p>\n","protected":false},"excerpt":{"rendered":"<p>La gente est\u00e1 hastiada, saturada y cansada de que la injusticia prevalezca por sobre la justicia. Que la incompetencia de las autoridades responsables se demuestre con cada delincuente, asesino, violador y narcotraficante que sale libre y campante a la calle, s\u00f3lo horas despu\u00e9s de haber sido detenido y\u00a0puesto ante la justicia<\/p>\n","protected":false},"author":1,"featured_media":13463,"comment_status":"closed","ping_status":"closed","sticky":false,"template":"","format":"standard","meta":{"footnotes":""},"categories":[3,7],"tags":[824,823,337,273,132,247,133],"class_list":["post-13462","post","type-post","status-publish","format-standard","has-post-thumbnail","hentry","category-al-dia","category-opinion","tag-academico","tag-franco-lotito-catino","tag-informacion","tag-noticias","tag-osorno","tag-region-de-los-lagos","tag-semanario-local"],"_links":{"self":[{"href":"https:\/\/www.semanariolocal.cl\/index.php?rest_route=\/wp\/v2\/posts\/13462","targetHints":{"allow":["GET"]}}],"collection":[{"href":"https:\/\/www.semanariolocal.cl\/index.php?rest_route=\/wp\/v2\/posts"}],"about":[{"href":"https:\/\/www.semanariolocal.cl\/index.php?rest_route=\/wp\/v2\/types\/post"}],"author":[{"embeddable":true,"href":"https:\/\/www.semanariolocal.cl\/index.php?rest_route=\/wp\/v2\/users\/1"}],"replies":[{"embeddable":true,"href":"https:\/\/www.semanariolocal.cl\/index.php?rest_route=%2Fwp%2Fv2%2Fcomments&post=13462"}],"version-history":[{"count":1,"href":"https:\/\/www.semanariolocal.cl\/index.php?rest_route=\/wp\/v2\/posts\/13462\/revisions"}],"predecessor-version":[{"id":13464,"href":"https:\/\/www.semanariolocal.cl\/index.php?rest_route=\/wp\/v2\/posts\/13462\/revisions\/13464"}],"wp:featuredmedia":[{"embeddable":true,"href":"https:\/\/www.semanariolocal.cl\/index.php?rest_route=\/wp\/v2\/media\/13463"}],"wp:attachment":[{"href":"https:\/\/www.semanariolocal.cl\/index.php?rest_route=%2Fwp%2Fv2%2Fmedia&parent=13462"}],"wp:term":[{"taxonomy":"category","embeddable":true,"href":"https:\/\/www.semanariolocal.cl\/index.php?rest_route=%2Fwp%2Fv2%2Fcategories&post=13462"},{"taxonomy":"post_tag","embeddable":true,"href":"https:\/\/www.semanariolocal.cl\/index.php?rest_route=%2Fwp%2Fv2%2Ftags&post=13462"}],"curies":[{"name":"wp","href":"https:\/\/api.w.org\/{rel}","templated":true}]}}