{"id":13455,"date":"2023-07-02T07:30:00","date_gmt":"2023-07-02T11:30:00","guid":{"rendered":"https:\/\/www.semanariolocal.cl\/?p=13455"},"modified":"2023-06-30T21:50:06","modified_gmt":"2023-07-01T01:50:06","slug":"lunes-y-en-horario-am-es-cuando-ocurre-mayor-accidentabilidad-en-las-pymes","status":"publish","type":"post","link":"https:\/\/www.semanariolocal.cl\/?p=13455","title":{"rendered":"Lunes y en horario AM: Es cuando ocurre mayor accidentabilidad en las pymes"},"content":{"rendered":"\n<p>Es muy com\u00fan escuchar que el lunes es el peor d\u00eda. La vuelta al trabajo y enganchar con la rutina tras dos jornadas de descanso han hecho que el primer d\u00eda de la semana se haya ganado esta fama. Injusta o no, hay cifras laborales que parecen acrecentar este mito.<\/p>\n\n\n\n<p>Un estudio llevado a cabo por Mutual de Seguridad acerca de la incidencia de accidentes laborales en peque\u00f1as y medianas empresas analiz\u00f3 m\u00e1s de una d\u00e9cada de datos relacionados con accidentes ocurridos durante el trabajo y en el trayecto hacia \u00e9l. Uno de los descubrimientos m\u00e1s significativos es que el lunes es el d\u00eda en que se producen la mayor cantidad de incidentes que ponen en riesgo la salud y seguridad de los trabajadores.<\/p>\n\n\n\n<p>Los resultados obtenidos a partir de la recopilaci\u00f3n de informaci\u00f3n, abarcando desde 2011 hasta abril de 2023, revelaron que el 20,16% de los incidentes semanales ocurren los lunes, seguido de cerca por los mi\u00e9rcoles con un 19,6%. En contraste, el viernes se posiciona como el d\u00eda h\u00e1bil con el menor porcentaje de incidentes, registrando tan solo 16,15%.<\/p>\n\n\n\n<p>Adem\u00e1s, este an\u00e1lisis&nbsp;-con tecnolog\u00eda Big Data-&nbsp;hace un zoom en los horarios en que se producen m\u00e1s accidentes: la franja AM muestra m\u00e1s incidentes. Entre las 9 y las 12 horas es el horario peaks de eventos.<\/p>\n\n\n\n<p><strong>Los j\u00f3venes son los m\u00e1s expuestos<\/strong><\/p>\n\n\n\n<p>Otro de los datos que entreg\u00f3 este estudio de Mutual de Seguridad es el rango etario que suele estar m\u00e1s propenso a sufrir accidentes laborales o de trayecto. En este&nbsp;caso,&nbsp;los m\u00e1s j\u00f3venes, en el segmento entre 20 y 29 a\u00f1os, tienen los mayores \u00edndices de accidentabilidad.&nbsp; Los m\u00e1s j\u00f3venes acumulan un 26,77% de las denuncias.&nbsp;Luego viene el grupo que abarca entre 30 y 39 a\u00f1os con 24,30% y en tercer lugar, los y las trabajadoras entre 40 y 49 a\u00f1os con un 21,92%.<\/p>\n\n\n\n<p>El mismo orden se repite cuando se analizan los accidentes de trayecto, los m\u00e1s j\u00f3venes acumulan un 29,63% de este tipo de siniestros. Luego el segmento de 30 y 39 con 25,55% y en tercer lugar, los trabajadores entre 40 y 49 a\u00f1os con 19,13%.<\/p>\n\n\n\n<p>Ahora, si analizamos en t\u00e9rminos de g\u00e9nero, los hombres son largamente los mayores involucrados en accidentes en el \u00e1mbito laboral. La recopilaci\u00f3n de datos efectuada por Mutual de Seguridad muestra que desde 2011, los hombres acumulan 344 mil denuncias (81,34%), mientras que las mujeres registran 77 mil denuncias (18,66%) relacionadas a accidentes de trabajo.<\/p>\n\n\n\n<p>Estos n\u00fameros pueden explicarse ya que los rubros pymes con mayores incidentes son la construcci\u00f3n, la industria manufacturera y la reparaci\u00f3n de veh\u00edculos automotores y motocicletas. Industrias donde la mayor\u00eda de los trabajadores son hombres.<\/p>\n","protected":false},"excerpt":{"rendered":"<p>En el marco del \u201cD\u00eda Internacional de las Pymes\u201d, proclamado por la ONU y que se celebra desde el 2017 todos los 27 de junio, Mutual de Seguridad entrega una completa radiograf\u00eda de los accidentes laborales y de trayecto de los trabajadores de las peque\u00f1as y medianas empresas de Chile, donde se destaca por ejemplo una notoria diferencia entre hombres y mujeres, los d\u00edas y horarios con mayor frecuencia y las zonas del cuerpo con m\u00e1s \u00edndices de accidentes.<\/p>\n","protected":false},"author":1,"featured_media":13456,"comment_status":"closed","ping_status":"closed","sticky":false,"template":"","format":"standard","meta":{"footnotes":""},"categories":[3],"tags":[337,273,132,247,133],"class_list":["post-13455","post","type-post","status-publish","format-standard","has-post-thumbnail","hentry","category-al-dia","tag-informacion","tag-noticias","tag-osorno","tag-region-de-los-lagos","tag-semanario-local"],"_links":{"self":[{"href":"https:\/\/www.semanariolocal.cl\/index.php?rest_route=\/wp\/v2\/posts\/13455","targetHints":{"allow":["GET"]}}],"collection":[{"href":"https:\/\/www.semanariolocal.cl\/index.php?rest_route=\/wp\/v2\/posts"}],"about":[{"href":"https:\/\/www.semanariolocal.cl\/index.php?rest_route=\/wp\/v2\/types\/post"}],"author":[{"embeddable":true,"href":"https:\/\/www.semanariolocal.cl\/index.php?rest_route=\/wp\/v2\/users\/1"}],"replies":[{"embeddable":true,"href":"https:\/\/www.semanariolocal.cl\/index.php?rest_route=%2Fwp%2Fv2%2Fcomments&post=13455"}],"version-history":[{"count":1,"href":"https:\/\/www.semanariolocal.cl\/index.php?rest_route=\/wp\/v2\/posts\/13455\/revisions"}],"predecessor-version":[{"id":13457,"href":"https:\/\/www.semanariolocal.cl\/index.php?rest_route=\/wp\/v2\/posts\/13455\/revisions\/13457"}],"wp:featuredmedia":[{"embeddable":true,"href":"https:\/\/www.semanariolocal.cl\/index.php?rest_route=\/wp\/v2\/media\/13456"}],"wp:attachment":[{"href":"https:\/\/www.semanariolocal.cl\/index.php?rest_route=%2Fwp%2Fv2%2Fmedia&parent=13455"}],"wp:term":[{"taxonomy":"category","embeddable":true,"href":"https:\/\/www.semanariolocal.cl\/index.php?rest_route=%2Fwp%2Fv2%2Fcategories&post=13455"},{"taxonomy":"post_tag","embeddable":true,"href":"https:\/\/www.semanariolocal.cl\/index.php?rest_route=%2Fwp%2Fv2%2Ftags&post=13455"}],"curies":[{"name":"wp","href":"https:\/\/api.w.org\/{rel}","templated":true}]}}