{"id":13449,"date":"2023-07-02T07:45:00","date_gmt":"2023-07-02T11:45:00","guid":{"rendered":"https:\/\/www.semanariolocal.cl\/?p=13449"},"modified":"2023-06-30T21:43:23","modified_gmt":"2023-07-01T01:43:23","slug":"como-prepararse-ante-los-posibles-cortes-de-luz-este-invierno","status":"publish","type":"post","link":"https:\/\/www.semanariolocal.cl\/?p=13449","title":{"rendered":"\u00bfC\u00f3mo prepararse ante los posibles cortes de luz este invierno ?"},"content":{"rendered":"\n<p>La llegada del invierno y la temporada de precipitaciones se aproxima, estaci\u00f3n que trae consigo la inevitable preocupaci\u00f3n colectiva ante las posibles fallas el\u00e9ctricas. A lo largo de todo el pa\u00eds, es com\u00fan que se produzcan cortes de luz como efecto secundario de las lluvias y fuertes vientos, significando una serie de problemas para la ciudadan\u00eda.<\/p>\n\n\n\n<p>De acuerdo con cifras de la Superintendencia de Electricidad y Combustibles (SEC), a fines de abril de 2023, m\u00e1s de 200 mil clientes reportaron estar sin suministro el\u00e9ctrico en diferentes localidades de Chile, registr\u00e1ndose la mayor presencia de afectados en la&nbsp;<strong>Regi\u00f3n Metropolitana con 108.515 clientes sin electricidad, seguido por Los Lagos con 23.941 y Biob\u00edo con 22.438.<\/strong><\/p>\n\n\n\n<p>Los cortes de luz implican diversas complejidades para las familias chilenas, desde problemas para calefaccionar el hogar, cargar dispositivos tecnol\u00f3gicos y hasta el mal funcionamiento o desperfecto de electrodom\u00e9sticos. Para evitar estos inconvenientes, muchos chilenos y chilenas se plantean la necesidad de contar con un sistema de respaldo el\u00e9ctrico como soluci\u00f3n ante esta incertidumbre.<\/p>\n\n\n\n<p>Sin embargo, el desaf\u00edo pa\u00eds es a\u00fan mayor. Considerando que la mayor parte de los recursos que se utilizan como respaldo el\u00e9ctrico son contaminantes, afectando la salud de las personas, las metas de descarbonizaci\u00f3n de Chile y el desaf\u00edo de hacerle frente a la crisis clim\u00e1tica que vive el planeta, se hace necesaria la b\u00fasqueda de soluciones que sean sustentables para apoyar a las familias chilenas ante los problemas de suministro.<\/p>\n\n\n\n<p>Para minimizar los impactos de las fallas de suministro el\u00e9ctrico, las estaciones de energ\u00eda de EcoFlow se posicionan como un aliado a las interrupciones del servicio al combinar tecnolog\u00eda de \u00faltima generaci\u00f3n con un sistema de energ\u00eda limpia y renovable, proveniente del recurso solar, entregando una soluci\u00f3n energ\u00e9tica innovadora y confiable para transformar la vida de las personas.<\/p>\n\n\n\n<p>Las estaciones de energ\u00eda de esta empresa global garantizan un suministro de energ\u00eda en cualquier circunstancia, brindando una fuente de energ\u00eda limpia y silenciosa. Adem\u00e1s, poseen la tecnolog\u00eda necesaria para recargar y alimentar distintos dispositivos, ya sean celulares o electrodom\u00e9sticos, adapt\u00e1ndose a las necesidades de cada hogar.<\/p>\n\n\n\n<p><strong>Camila Algecira, Regional Marketing de la Divisi\u00f3n Latin America,<\/strong>&nbsp;destac\u00f3 que las estaciones de energ\u00eda de EcoFlow son un sistema totalmente amigable con el medio ambiente y la seguridad del hogar. \u201cAl proporcionar soluciones basadas en energ\u00eda solar, que se obtiene por medio de paneles instalados en el per\u00edmetro del hogar, nuestras bater\u00edas se pueden utilizar f\u00e1cilmente en espacios cerrados, convirti\u00e9ndose en un sistema de respaldo de energ\u00eda ecol\u00f3gico, viable y confiable, para situaciones de emergencia o de mayor necesidad\u201d, se\u00f1al\u00f3.<\/p>\n\n\n\n<p>Una de las mayores ventajas de contar en el hogar con una estaci\u00f3n de energ\u00eda como respaldo es su capacidad de recargarse en un per\u00edodo de una a dos horas, es decir, en caso de corte de suministro el\u00e9ctrico la bater\u00eda puede estar recargada con anticipaci\u00f3n, convirti\u00e9ndose en una de las soluciones clave para reemplazar a los combustibles f\u00f3siles de respaldo.<\/p>\n","protected":false},"excerpt":{"rendered":"<p>Con la llegada del invierno surge la preocupaci\u00f3n ante las posibles fallas del suministro el\u00e9ctrico, situaci\u00f3n que afectado peri\u00f3dicamente a diferentes regiones del pa\u00eds. Sin embargo, hoy es posible minimizar los impactos de un corte de luz gracias a las estaciones de energ\u00eda port\u00e1til como un aliado a las interrupciones del servicio.<\/p>\n","protected":false},"author":1,"featured_media":13450,"comment_status":"closed","ping_status":"closed","sticky":false,"template":"","format":"standard","meta":{"footnotes":""},"categories":[3],"tags":[337,273,132,247,133],"class_list":["post-13449","post","type-post","status-publish","format-standard","has-post-thumbnail","hentry","category-al-dia","tag-informacion","tag-noticias","tag-osorno","tag-region-de-los-lagos","tag-semanario-local"],"_links":{"self":[{"href":"https:\/\/www.semanariolocal.cl\/index.php?rest_route=\/wp\/v2\/posts\/13449","targetHints":{"allow":["GET"]}}],"collection":[{"href":"https:\/\/www.semanariolocal.cl\/index.php?rest_route=\/wp\/v2\/posts"}],"about":[{"href":"https:\/\/www.semanariolocal.cl\/index.php?rest_route=\/wp\/v2\/types\/post"}],"author":[{"embeddable":true,"href":"https:\/\/www.semanariolocal.cl\/index.php?rest_route=\/wp\/v2\/users\/1"}],"replies":[{"embeddable":true,"href":"https:\/\/www.semanariolocal.cl\/index.php?rest_route=%2Fwp%2Fv2%2Fcomments&post=13449"}],"version-history":[{"count":1,"href":"https:\/\/www.semanariolocal.cl\/index.php?rest_route=\/wp\/v2\/posts\/13449\/revisions"}],"predecessor-version":[{"id":13451,"href":"https:\/\/www.semanariolocal.cl\/index.php?rest_route=\/wp\/v2\/posts\/13449\/revisions\/13451"}],"wp:featuredmedia":[{"embeddable":true,"href":"https:\/\/www.semanariolocal.cl\/index.php?rest_route=\/wp\/v2\/media\/13450"}],"wp:attachment":[{"href":"https:\/\/www.semanariolocal.cl\/index.php?rest_route=%2Fwp%2Fv2%2Fmedia&parent=13449"}],"wp:term":[{"taxonomy":"category","embeddable":true,"href":"https:\/\/www.semanariolocal.cl\/index.php?rest_route=%2Fwp%2Fv2%2Fcategories&post=13449"},{"taxonomy":"post_tag","embeddable":true,"href":"https:\/\/www.semanariolocal.cl\/index.php?rest_route=%2Fwp%2Fv2%2Ftags&post=13449"}],"curies":[{"name":"wp","href":"https:\/\/api.w.org\/{rel}","templated":true}]}}