{"id":13446,"date":"2023-07-02T07:55:00","date_gmt":"2023-07-02T11:55:00","guid":{"rendered":"https:\/\/www.semanariolocal.cl\/?p=13446"},"modified":"2023-06-30T21:37:23","modified_gmt":"2023-07-01T01:37:23","slug":"lluvia-e-inundaciones-lo-que-dejo-el-frente-de-mal-tiempo-para-el-agro","status":"publish","type":"post","link":"https:\/\/www.semanariolocal.cl\/?p=13446","title":{"rendered":"Lluvia e inundaciones: lo que dej\u00f3 el frente de mal tiempo para el agro"},"content":{"rendered":"\n<p>Cientos de hect\u00e1reas afectadas, en un catastro que reci\u00e9n comienza, es el saldo de un&nbsp;<a href=\"https:\/\/www.uoh.cl\/fenomeno-de-el-nino-rios-atmosfericos-intensos-una-constante-para-este-invierno\/\" target=\"_blank\" rel=\"noreferrer noopener\">frente de mal tiempo<\/a>&nbsp;que provoc\u00f3 crecidas de r\u00edos y afluentes, dejando a su paso una serie de inundaciones no solo en sectores poblados, tambi\u00e9n en terrenos &nbsp;agr\u00edcolas, muchos de ellos en uso actual, con el consiguiente da\u00f1o de producci\u00f3n.<\/p>\n\n\n\n<p>\u201cLas inundaciones ocurridas, la pasada semana, constituyen principalmente barro proveniente de desbordes de r\u00edos o quebradas. Es bastante m\u00e1s grave que solo la saturaci\u00f3n y aposamiento de agua provocado por lluvia que cae directamente sobre el terreno\u201d, explica&nbsp;<a href=\"https:\/\/www.instagram.com\/climatologia_ecologica\/?hl=es\" target=\"_blank\" rel=\"noreferrer noopener\">Viviana Tudela<\/a>, docente de la&nbsp;<a href=\"https:\/\/www.uoh.cl\/escuelas-de-ciencias-agroalimentarias\/\" target=\"_blank\" rel=\"noreferrer noopener\">Escuela de Ciencias Agroalimentarias, Animales y Ambientales<\/a>&nbsp;(ECA3) de la&nbsp;<a href=\"https:\/\/www.uoh.cl\/\" target=\"_blank\" rel=\"noreferrer noopener\">Universidad de O\u2019Higgins<\/a>&nbsp;(UOH).<\/p>\n\n\n\n<p>Esa situaci\u00f3n implica afectaci\u00f3n de plantas y del suelo propiamente tal. \u201cEl barro da\u00f1a cultivos bajos como hortalizas, cultivos anuales, praderas y cultivos para forraje, causando p\u00e9rdida total de la producci\u00f3n\u201d, explica la&nbsp;<a href=\"https:\/\/www.researchgate.net\/profile\/Viviana-Tudela\" target=\"_blank\" rel=\"noreferrer noopener\">Dra. Tudela<\/a>. \u201cEstas plantas quedan enterradas -bajo el barro- o se pudren debido a la infecci\u00f3n con pat\u00f3genos. Adem\u00e1s, en algunas especies de frutales de hoja persistente, tales como paltos y c\u00edtricos, la inundaci\u00f3n de suelos reduce la cantidad de ox\u00edgeno en los macroporos, pudiendo provocar asfixia de las ra\u00edces y su posterior muerte\u201d, a\u00f1ade.<\/p>\n\n\n\n<p>La docente explica que esto \u00faltimo limita la absorci\u00f3n de agua por los \u00e1rboles y, en el peor de los casos, favorece la infecci\u00f3n por pat\u00f3genos del suelo, espec\u00edficamente Phytophthora, una enfermedad f\u00fangica. \u201cEste hongo puede causar la muerte a mediano y largo plazo de los \u00e1rboles. En este tipo de cultivo, los efectos se ver\u00e1n algunos meses despu\u00e9s. Por otra parte, dependiendo de la altura que haya alcanzado el agua, se podr\u00eda esperar pudrici\u00f3n de frutos c\u00edtricos que hayan estado en contacto con el agua con barro\u201d, explica la agroclimat\u00f3loga.<\/p>\n\n\n\n<h3 class=\"wp-block-heading\">Saturaci\u00f3n y p\u00e9rdidas<\/h3>\n\n\n\n<p>\u00bfPero qu\u00e9 ocurre con esos suelos agr\u00edcolas tras ser inundados? Seg\u00fan Viviana Tudela el suelo queda completamente saturado y con la incorporaci\u00f3n de material que puede contener caracter\u00edsticas f\u00edsicas y qu\u00edmicas distintas. \u201cTras perder humedad, es posible que se forme una costra en la superficie del suelo, que es necesario eliminar para volver a cultivar. Podr\u00eda, eventualmente, haber cambios en el contenido de nutrientes, materia org\u00e1nica y salinidad, dependiendo del tipo de material que haya sido depositado en la inundaci\u00f3n. Adicionalmente, es posible que los sistemas de riego se da\u00f1en o definitivamente se pierdan\u201d.<\/p>\n\n\n\n<p>Las consecuencias de este panorama, asegura la docente UOH, son la p\u00e9rdida de ingresos para agricultores afectados, la falta de alimento para animales de granja y la imposibilidad de ingreso de estos a los terrenos para pastoreo. \u201cAdem\u00e1s, el impedimento de que el suelo reduzca su contenido de humedad retrasa todas las labores o acciones tendientes a superar el problema, en lo productivo y econ\u00f3mico\u201d, indica la experta.<\/p>\n\n\n\n<p>\u201cPara la recuperaci\u00f3n productiva de los terrenos debemos esperar que el suelo reduzca su contenido de agua y reci\u00e9n ah\u00ed ingresar maquinaria. Si esto ocurre antes, podr\u00edamos agravar la situaci\u00f3n, provocando compactaci\u00f3n de suelo\u201d, explica Tudela.<\/p>\n\n\n\n<p>La experta de la Universidad de O\u2019Higgins agrega que una vez que el suelo cuenta con un contenido apropiado de humedad, se deber\u00eda verificar la formaci\u00f3n de costras superficiales y ser eliminadas a trav\u00e9s de labranza secundaria con rastras. Posteriormente, realizar un an\u00e1lisis de suelo para corroborar los niveles de nutrientes y sales, de manera de realizar correcciones si fuese necesario.<\/p>\n\n\n\n<p>\u201cEn frutales en general, se deber\u00eda recuperar la altura de los camellones, en el caso de que hayan sido afectados. En paltos y c\u00edtricos se deber\u00e1 ajustar los programas de control de Phytophthora (pudrici\u00f3n del cuello y ra\u00edz), aplicando productos antes o al inicio de los primeros s\u00edntomas, ajustando las dosis de acuerdo a las recomendaciones de los fabricantes\u201d, puntualiza la Doctora en Ciencias Silvoagropecuarias y Veterinarias.<\/p>\n\n\n\n<p>Agrega que en hortalizas, cultivos anuales, praderas y forrajes se deber\u00eda escoger variedades vigorosas y de ciclo corto, de manera de obtener producci\u00f3n lo antes posible y tener retorno econ\u00f3mico y alimento para el ganado lo antes posible. \u201cEstas acciones \u2013sin duda- requerir\u00e1n de apoyo a peque\u00f1os agricultores para la compra de semillas, agroqu\u00edmicos y reinstalaci\u00f3n de sistemas de riego\u201d, finaliza la ingeniera agr\u00f3noma.<\/p>\n","protected":false},"excerpt":{"rendered":"<p>Lo que a priori se consideran las lluvias m\u00e1s fuertes en los \u00faltimos 30 a\u00f1os, con el fantasma del fen\u00f3meno de El Ni\u00f1o a las espaldas, llev\u00f3 a las autoridades a decretar zona de cat\u00e1strofe y estado de emergencia agr\u00edcola para la zona centro-sur del pa\u00eds, evidenciando el da\u00f1o causado al agro por las inundaciones y crecidas de r\u00edos.<\/p>\n","protected":false},"author":1,"featured_media":13447,"comment_status":"closed","ping_status":"closed","sticky":false,"template":"","format":"standard","meta":{"footnotes":""},"categories":[20,3],"tags":[],"class_list":["post-13446","post","type-post","status-publish","format-standard","has-post-thumbnail","hentry","category-agro","category-al-dia"],"_links":{"self":[{"href":"https:\/\/www.semanariolocal.cl\/index.php?rest_route=\/wp\/v2\/posts\/13446","targetHints":{"allow":["GET"]}}],"collection":[{"href":"https:\/\/www.semanariolocal.cl\/index.php?rest_route=\/wp\/v2\/posts"}],"about":[{"href":"https:\/\/www.semanariolocal.cl\/index.php?rest_route=\/wp\/v2\/types\/post"}],"author":[{"embeddable":true,"href":"https:\/\/www.semanariolocal.cl\/index.php?rest_route=\/wp\/v2\/users\/1"}],"replies":[{"embeddable":true,"href":"https:\/\/www.semanariolocal.cl\/index.php?rest_route=%2Fwp%2Fv2%2Fcomments&post=13446"}],"version-history":[{"count":1,"href":"https:\/\/www.semanariolocal.cl\/index.php?rest_route=\/wp\/v2\/posts\/13446\/revisions"}],"predecessor-version":[{"id":13448,"href":"https:\/\/www.semanariolocal.cl\/index.php?rest_route=\/wp\/v2\/posts\/13446\/revisions\/13448"}],"wp:featuredmedia":[{"embeddable":true,"href":"https:\/\/www.semanariolocal.cl\/index.php?rest_route=\/wp\/v2\/media\/13447"}],"wp:attachment":[{"href":"https:\/\/www.semanariolocal.cl\/index.php?rest_route=%2Fwp%2Fv2%2Fmedia&parent=13446"}],"wp:term":[{"taxonomy":"category","embeddable":true,"href":"https:\/\/www.semanariolocal.cl\/index.php?rest_route=%2Fwp%2Fv2%2Fcategories&post=13446"},{"taxonomy":"post_tag","embeddable":true,"href":"https:\/\/www.semanariolocal.cl\/index.php?rest_route=%2Fwp%2Fv2%2Ftags&post=13446"}],"curies":[{"name":"wp","href":"https:\/\/api.w.org\/{rel}","templated":true}]}}