{"id":13434,"date":"2023-07-01T08:00:00","date_gmt":"2023-07-01T12:00:00","guid":{"rendered":"https:\/\/www.semanariolocal.cl\/?p=13434"},"modified":"2023-06-30T21:00:47","modified_gmt":"2023-07-01T01:00:47","slug":"uss-entrega-indice-de-confianza-en-la-economia-de-los-lagos","status":"publish","type":"post","link":"https:\/\/www.semanariolocal.cl\/?p=13434","title":{"rendered":"USS entrega \u00cdndice de Confianza en la econom\u00eda de Los Lagos"},"content":{"rendered":"\n<p>El VI \u00cdndice de Confianza en la Econom\u00eda Regional (ICER) promedi\u00f3 29 puntos en diciembre de 2022, de acuerdo con la medici\u00f3n realizada por Facultad de Econom\u00eda y Gobierno de esta casa de estudios. Este es el cuarto periodo en que la percepci\u00f3n de los habitantes de Los Lagos se posiciona en la zona de pesimismo (bajo los 50 puntos).<\/p>\n\n\n\n<p>Para obtener el ICER global, la USS contempla seis variables: situaci\u00f3n econ\u00f3mica personal actual versus pasada; momento econ\u00f3mico actual del pa\u00eds; situaci\u00f3n econ\u00f3mica actual de la Regi\u00f3n de Los Lagos; expectativa econ\u00f3mica futura del pa\u00eds a dos a\u00f1os; expectativa econ\u00f3mica futura de la regi\u00f3n a dos a\u00f1os; y expectativas de consumo de vivienda o auto. En la medici\u00f3n de diciembre todos los sub\u00edndices analizados se encuentran en la zona de pesimismo.<\/p>\n\n\n\n<h3 class=\"wp-block-heading\">Mejora la percepci\u00f3n del futuro de la econom\u00eda<\/h3>\n\n\n\n<p>El ICER diciembre muestra que la apreciaci\u00f3n del momento econ\u00f3mico actual tuvo un retroceso con respecto a julio de 2022, alcanzando 26 puntos (-4 puntos). Ante la pregunta \u00bfusted dir\u00eda que la situaci\u00f3n econ\u00f3mica de usted y su familia est\u00e1 mejor, igual o peor que hace un a\u00f1o? el porcentaje encuestados que considera que es peor subi\u00f3 de un 50% a un 57%.<\/p>\n\n\n\n<p>El escenario econ\u00f3mico regional actual fue mejor percibido, promediando 34 puntos; mientras que a nivel nacional obtuvo 20 puntos.<\/p>\n\n\n\n<p>El cambio m\u00e1s significativo se produjo en la percepci\u00f3n de la econom\u00eda en el futuro. La proyecci\u00f3n del panorama econ\u00f3mico para el pa\u00eds subi\u00f3 a 42 puntos (+7 puntos) y a 46 puntos para Los Lagos (+9 puntos). El porcentaje de encuestados que vislumbra un peor panorama en los pr\u00f3ximos dos a\u00f1os para esta zona baj\u00f3 de un 53% a un 38%.<\/p>\n\n\n\n<p>\u201cEste mayor optimismo en el mediano plazo se genera, en buena medida, por la reducci\u00f3n de incertidumbre del proceso constituyente. El resultado del plebiscito de salida y posterior acuerdo transversal para la elaboraci\u00f3n de una nueva Carta Magna permite a la poblaci\u00f3n pensar en un texto con m\u00e1s bordes que entregue estabilidad econ\u00f3mica para los pr\u00f3ximos a\u00f1os\u201d, coment\u00f3 Alejandro Weber, decano de la Facultad de Econom\u00eda y Gobierno de la Universidad San Sebasti\u00e1n.<\/p>\n\n\n\n<h3 class=\"wp-block-heading\">Mayor inflaci\u00f3n y menos expectativas de consumo<\/h3>\n\n\n\n<p>El \u00edtem expectativas de consumo de vivienda o autom\u00f3vil fue el m\u00e1s pesimista del ICER de diciembre, con 8 puntos. Para un 87% de las personas es un mal momento para adquirir este tipo de bienes. El mayor pesimismo se observ\u00f3 en las personas entre 36 y 55 a\u00f1os junto con aquellos que pertenecen al Grupo Socioecon\u00f3mico D y E.<\/p>\n\n\n\n<p>La misma tendencia se registr\u00f3 al evaluar la solicitud de cr\u00e9ditos bancarios, con un 91% de encuestados que piensa que es un mal momento para hacerlo. Al abordar las percepciones de inflaci\u00f3n, para un 79% los precios de los principales productos aumentar\u00e1n en los pr\u00f3ximos 12 meses, porcentaje que se eleva a un 84% para las personas del sexo femenino.<\/p>\n\n\n\n<p>\u201cEste resultado est\u00e1 claramente influenciado por los indicadores econ\u00f3micos alcanzados por nuestro pa\u00eds, que se\u00f1alan que terminamos 2022 con el mayor nivel de inflaci\u00f3n de los \u00faltimos 30 a\u00f1os. Las familias experimentaron en su d\u00eda a d\u00eda el efecto del aumento de precios y la disminuci\u00f3n de su poder adquisitivo, lo que se materializa en una percepci\u00f3n negativa del futuro econ\u00f3mico\u201d, indic\u00f3 Alejandro D\u00edaz, director de la carrera de Ingenier\u00eda Comercial de la Universidad San Sebasti\u00e1n, Sede De La Patagonia.<\/p>\n\n\n\n<p>Bajas perspectivas de empleo<\/p>\n\n\n\n<p>En la Regi\u00f3n de Los Lagos un 54% proyecta que aumentar\u00e1 la cesant\u00eda en los pr\u00f3ximos meses. \u201cEl resultado observado refleja el temor de la comunidad frente a la p\u00e9rdida de empleos, principalmente en el grupo etario sobre los 55 a\u00f1os, donde la cifra se eleva a 64%. Esto puede explicarse por la incertidumbre que existe a nivel social sobre los resultados de las pol\u00edticas para reactivar el mercado laboral implementadas a la fecha\u201d, se\u00f1al\u00f3 Sergio Hermosilla, vicerrector de la Universidad San Sebasti\u00e1n Sede De La Patagonia.<\/p>\n\n\n\n<p>Frente a la pregunta, \u00bfconsidera que encontrar trabajo en la Regi\u00f3n de Los Lagos es \u00bff\u00e1cil, normal o dif\u00edcil? un 48% cree que es dif\u00edcil, cifra que sube a un 51% para las mujeres y a un 64% para el grupo de 55 a\u00f1os y m\u00e1s. Del total de encuestados solo un 13% percibe como f\u00e1cil encontrar empleo en esta zona del pa\u00eds.<\/p>\n","protected":false},"excerpt":{"rendered":"<p>ICER de diciembre fue de 29 puntos (de un total de 100). Pese a la baja cifra, la medici\u00f3n muestra que la poblaci\u00f3n vislumbra de mejor manera la econom\u00eda en el futuro. El porcentaje de encuestados que considera que esta ser\u00e1 peor baj\u00f3 de 53% a 38%.<\/p>\n","protected":false},"author":1,"featured_media":13435,"comment_status":"closed","ping_status":"closed","sticky":false,"template":"","format":"standard","meta":{"footnotes":""},"categories":[3],"tags":[],"class_list":["post-13434","post","type-post","status-publish","format-standard","has-post-thumbnail","hentry","category-al-dia"],"_links":{"self":[{"href":"https:\/\/www.semanariolocal.cl\/index.php?rest_route=\/wp\/v2\/posts\/13434","targetHints":{"allow":["GET"]}}],"collection":[{"href":"https:\/\/www.semanariolocal.cl\/index.php?rest_route=\/wp\/v2\/posts"}],"about":[{"href":"https:\/\/www.semanariolocal.cl\/index.php?rest_route=\/wp\/v2\/types\/post"}],"author":[{"embeddable":true,"href":"https:\/\/www.semanariolocal.cl\/index.php?rest_route=\/wp\/v2\/users\/1"}],"replies":[{"embeddable":true,"href":"https:\/\/www.semanariolocal.cl\/index.php?rest_route=%2Fwp%2Fv2%2Fcomments&post=13434"}],"version-history":[{"count":1,"href":"https:\/\/www.semanariolocal.cl\/index.php?rest_route=\/wp\/v2\/posts\/13434\/revisions"}],"predecessor-version":[{"id":13436,"href":"https:\/\/www.semanariolocal.cl\/index.php?rest_route=\/wp\/v2\/posts\/13434\/revisions\/13436"}],"wp:featuredmedia":[{"embeddable":true,"href":"https:\/\/www.semanariolocal.cl\/index.php?rest_route=\/wp\/v2\/media\/13435"}],"wp:attachment":[{"href":"https:\/\/www.semanariolocal.cl\/index.php?rest_route=%2Fwp%2Fv2%2Fmedia&parent=13434"}],"wp:term":[{"taxonomy":"category","embeddable":true,"href":"https:\/\/www.semanariolocal.cl\/index.php?rest_route=%2Fwp%2Fv2%2Fcategories&post=13434"},{"taxonomy":"post_tag","embeddable":true,"href":"https:\/\/www.semanariolocal.cl\/index.php?rest_route=%2Fwp%2Fv2%2Ftags&post=13434"}],"curies":[{"name":"wp","href":"https:\/\/api.w.org\/{rel}","templated":true}]}}