{"id":13428,"date":"2023-07-01T06:55:00","date_gmt":"2023-07-01T10:55:00","guid":{"rendered":"https:\/\/www.semanariolocal.cl\/?p=13428"},"modified":"2023-06-30T20:50:03","modified_gmt":"2023-07-01T00:50:03","slug":"fndr-fortalecimiento-del-turismo-para-provincia-de-osorno-acerca-lineamientos-en-terreno","status":"publish","type":"post","link":"https:\/\/www.semanariolocal.cl\/?p=13428","title":{"rendered":"FNDR \u00abFortalecimiento del Turismo para Provincia de Osorno\u201d acerca lineamientos en terreno"},"content":{"rendered":"\n<p>Con una reuni\u00f3n informativa con emprendedoras, artesanas y prestadores tur\u00edsticos de la comuna de San Juan de La Costa, en la oficina de turismo ubicada en la localidad de Puaucho; finaliz\u00f3 el proceso de sociabilizaci\u00f3n y coordinaci\u00f3n territorial del programa FNDR \u00abFortalecimiento y Recuperaci\u00f3n del Turismo para la Provincia de Osorno\u201d que ejecuta Sernatur Los Lagos, con recursos provenientes del Gobierno Regional de Los Lagos.<\/p>\n\n\n\n<p>Se trat\u00f3 de un periplo de los funcionarios de la oficina provincial de Sernatur Osorno, en conjunto con los coordinadores de turismo de cada comuna, que recorri\u00f3 las ciudades de R\u00edo Negro, Puyehue, Purranque, Puerto Octay, San Pablo, Osorno y la ya mencionada comunera costera; con la finalidad de dar a conocer y compartir con los beneficiarios cuales son las l\u00edneas de acci\u00f3n del programa y su proceso de ejecuci\u00f3n, adem\u00e1s de recoger aportes y requerimientos, como as\u00ed tambi\u00e9n, aprovechar de aclarar dudas de las y los prestadores tur\u00edsticos del territorio.<\/p>\n\n\n\n<p>En total, fueron m\u00e1s de un centenar de participantes, entre autoridades comunales, directivas de gremios tur\u00edsticos, agrupaciones culturales, emprendedoras\/es artesanas\/es, gu\u00edas y tour operadores, quienes agradecieron estas instancias de dialogo y el programa en s\u00ed, que apunta a la promoci\u00f3n de la provincia y a la profesionalizaci\u00f3n del capital humano que tiene a la actividad tur\u00edstica como fuente de trabajo y motor de desarrollo de sus comunidades.<\/p>\n\n\n\n<p>En la cita, el director regional de Sernatur Los Lagos, Iv\u00e1n P\u00e9rez, destac\u00f3 el despliegue territorial desarrollado en estas instancias, como as\u00ed tambi\u00e9n la buena respuesta y participaci\u00f3n de las emprendedoras, emprendedores, artesanas, prestadores tur\u00edsticos y todo el tejido social que se desenvuelve en torno al turismo en la provincia de Osorno.<\/p>\n\n\n\n<p>\u201cEstamos muy contentos de poder llegar hasta ac\u00e1, a la comuna de San Juan de La Costa a reunirnos con la comunidad, escucharlos y presentar los lineamientos y acciones que est\u00e1n comprometidas en este programa financiado por el Gobierno Regional, que lo que pretende es impulsar el desarrollo de un turismo sostenible, sustentable y con pertinencia territorial y cultural, orientado al rescate y valorizaci\u00f3n del patrimonio natural, material e inmaterial en cada una de las siete comunas de la provincia de Osorno\u201d.<\/p>\n\n\n\n<p><strong><em>Visi\u00f3n territorial<\/em><\/strong><\/p>\n\n\n\n<p>Quien tambi\u00e9n valor\u00f3 las reuniones y el desarrollo del programa, fue Mirta Barr\u00eda, propietaria de \u201cTurismo Rural Los Esteros\u201d, presidenta de la \u201cCorporaci\u00f3n Territorio Camino Real\u201d y tambi\u00e9n presidenta de la Agrupaci\u00f3n de Mujeres Emprendedoras de Purranque, indicando que \u201cestoy muy contenta y encantada con el programa porque as\u00ed se est\u00e1 incentivando y motivando a la gente a la formalizaci\u00f3n y a formar parte de un grupo de empresas que sean reconocidas en la comuna, la provincia y la regi\u00f3n\u201d.<\/p>\n\n\n\n<p>En esa misma l\u00ednea se manifest\u00f3 Horacio Kauak, presidente de la Asociaci\u00f3n Gremial Gastron\u00f3mica y Tur\u00edstica de Osorno destacando que \u201cse vieron cosas tremendamente interesantes en la reuni\u00f3n, estamos sorprendidos por la cantidad de recursos asignados al desarrollo del turismo en la provincia de Osorno, y con esto hay un empuje y un inter\u00e9s detr\u00e1s en que el turismo se desarrolle en las siete comunas, y no con lo t\u00edpico que se muestra la leche y la carne sino que va un poco m\u00e1s all\u00e1, participaron representantes del turismo rural, en Osorno nos preocupa particularmente el radio urbano y estamos en constante conversaciones de como potenciamos esto con tours, con el Osorno hist\u00f3rico y con el relato que hay detr\u00e1s de la ciudad\u201d.<\/p>\n\n\n\n<p>As\u00ed mismo, en el marco de otra de las instancias de di\u00e1logo, desarrollada en la casona Los Casta\u00f1o de la comuna de R\u00edo Negro, la presidenta de la cooperativa de hilanderas \u201cPiuke Kimun\u201d Margarita Oyarzo, agradeci\u00f3 la visita del director regional y el equipo de Sernatur indicando que \u201cnos ayuda a fortalecernos a\u00fan m\u00e1s como grupo, para seguir avanzando en esto, muy agradecida de parte de nuestra agrupaci\u00f3n porque tenemos nuevas instancias para dar a conocer nuestro trabajo, nuestro kim\u00fcn est\u00e1 muy arraigado en nuestro territorio as\u00ed que feliz por ello\u201d.<\/p>\n\n\n\n<p>En ese mismo encuentro, el jefe t\u00e9cnico del Programa de Desarrollo Territorial Ind\u00edgena (PDTI) de Indap, Jaime Ortiz, destac\u00f3 el aporte que puede dar el programa \u00abFortalecimiento y Recuperaci\u00f3n del Turismo para la Provincia de Osorno \u00bb argumentando que las hilanderas de R\u00edo Negro \u201cest\u00e1n aprendiendo a ser empresarias, eso nos alegra y nos enorgullece, porque Indap nos mandat\u00f3 a nosotros para entregar las herramientas necesarias para agregar valor a sus producciones y ahora con este programa del Gobierno Regional y Sernatur, se les abre el camino del turismo y esta casona permite que el turismo se pueda desarrollar, orientado a un turismo de pueblos originarios\u201d.<\/p>\n","protected":false},"excerpt":{"rendered":"<p>Financiado por el Gobierno Regional de Los Lagos y ejecutado por Sernatur, la iniciativa busca mejorar la competitividad de los destinos tur\u00edsticos y la calidad de la oferta existente<\/p>\n","protected":false},"author":1,"featured_media":13429,"comment_status":"closed","ping_status":"closed","sticky":false,"template":"","format":"standard","meta":{"footnotes":""},"categories":[3],"tags":[337,273,247,133,442],"class_list":["post-13428","post","type-post","status-publish","format-standard","has-post-thumbnail","hentry","category-al-dia","tag-informacion","tag-noticias","tag-region-de-los-lagos","tag-semanario-local","tag-turismo"],"_links":{"self":[{"href":"https:\/\/www.semanariolocal.cl\/index.php?rest_route=\/wp\/v2\/posts\/13428","targetHints":{"allow":["GET"]}}],"collection":[{"href":"https:\/\/www.semanariolocal.cl\/index.php?rest_route=\/wp\/v2\/posts"}],"about":[{"href":"https:\/\/www.semanariolocal.cl\/index.php?rest_route=\/wp\/v2\/types\/post"}],"author":[{"embeddable":true,"href":"https:\/\/www.semanariolocal.cl\/index.php?rest_route=\/wp\/v2\/users\/1"}],"replies":[{"embeddable":true,"href":"https:\/\/www.semanariolocal.cl\/index.php?rest_route=%2Fwp%2Fv2%2Fcomments&post=13428"}],"version-history":[{"count":1,"href":"https:\/\/www.semanariolocal.cl\/index.php?rest_route=\/wp\/v2\/posts\/13428\/revisions"}],"predecessor-version":[{"id":13430,"href":"https:\/\/www.semanariolocal.cl\/index.php?rest_route=\/wp\/v2\/posts\/13428\/revisions\/13430"}],"wp:featuredmedia":[{"embeddable":true,"href":"https:\/\/www.semanariolocal.cl\/index.php?rest_route=\/wp\/v2\/media\/13429"}],"wp:attachment":[{"href":"https:\/\/www.semanariolocal.cl\/index.php?rest_route=%2Fwp%2Fv2%2Fmedia&parent=13428"}],"wp:term":[{"taxonomy":"category","embeddable":true,"href":"https:\/\/www.semanariolocal.cl\/index.php?rest_route=%2Fwp%2Fv2%2Fcategories&post=13428"},{"taxonomy":"post_tag","embeddable":true,"href":"https:\/\/www.semanariolocal.cl\/index.php?rest_route=%2Fwp%2Fv2%2Ftags&post=13428"}],"curies":[{"name":"wp","href":"https:\/\/api.w.org\/{rel}","templated":true}]}}