{"id":13419,"date":"2023-07-01T07:00:00","date_gmt":"2023-07-01T11:00:00","guid":{"rendered":"https:\/\/www.semanariolocal.cl\/?p=13419"},"modified":"2023-06-30T20:34:27","modified_gmt":"2023-07-01T00:34:27","slug":"mas-de-200-personas-participaron-en-1er-festival-de-innovacion-los-lagos-fill-2023","status":"publish","type":"post","link":"https:\/\/www.semanariolocal.cl\/?p=13419","title":{"rendered":"M\u00e1s de 200 personas participaron en 1er Festival de Innovaci\u00f3n Los Lagos FILL 2023"},"content":{"rendered":"\n<p>El Gobernador Regional<strong> Patricio Vallesp\u00edn<\/strong> manifest\u00f3 su satisfacci\u00f3n por la convocatoria y el trabajo que se realizar\u00e1 por parte del Centro de Innovaci\u00f3n se\u00f1alando que <em>\u201cestamos muy contentos de estar en este Festival de Innovaci\u00f3n, porque el Gobierno Regional quiere un desarrollo regional sostenible, donde la innovaci\u00f3n no puede estar ausente, por eso hemos destinado 1.500 millones de pesos en este nuevo rostro de la inversi\u00f3n del Gobierno Regional que no es s\u00f3lo fierro y cemento. Para este Centro de Innovaci\u00f3n hemos buscado un socio que nos da garant\u00edas de que las cosas se van a hacer bien, la Universidad Austral, con un equipo de gente joven pero con experiencia, porque queremos que nuestra regi\u00f3n sea un ejemplo de desarrollo sostenible, eso obliga a la innovaci\u00f3n, de c\u00f3mo desde la investigaci\u00f3n pasamos a la innovaci\u00f3n, de c\u00f3mo creamos las condiciones para quienes quieran innovar en esta regi\u00f3n, vean un espacio de trabajo donde se entusiasmen, de c\u00f3mo hacemos las soluciones tecnol\u00f3gicas para innovar en el futuro en materia de sostenibilidad, en materia en nuestros sectores productivos, de c\u00f3mo estos se empalman con el Pacto con la Regi\u00f3n Sostenible e Inclusiva\u201d.<\/em><\/p>\n\n\n\n<p>El programa, es ejecutado por la Universidad Austral de Chile en conjunto con la Asociaci\u00f3n Sinergiame, adem\u00e1s involucra otros organismos como SalmonChile, AgroLlanquihue, AmiChile, Sago y C\u00e1mara Chilena de la Construcci\u00f3n. El objetivo general de este proyecto, es aumentar el desarrollo y conexi\u00f3n de soluciones de innovaci\u00f3n que respondan a los desaf\u00edos relacionado a la innovaci\u00f3n y sostenibilidad de los sectores productivos.<\/p>\n\n\n\n<p><strong>Cristian Vargas, Consejero Regional<\/strong> y Presidente de la Comisi\u00f3n de Innovaci\u00f3n y Competitividad del CORE Los Lagos expuso un cambio de foco en la forma de ver las industrias en la regi\u00f3n \u201c<em>como presidente de la comisi\u00f3n de innovaci\u00f3n y en representaci\u00f3n de mis colegas del Consejo Regional, quiero agradecer al CORE por permitirme presidir esta comisi\u00f3n, al Gobernador Regional, a los Seremis y Directores presentes, estamos aqu\u00ed con la idea de tener una pol\u00edtica regional distinta a lo que se ha hecho anteriormente, donde nosotros podamos trabajar en temas de innovaci\u00f3n y competitividad y que podamos hacer un cambio en el foco de la industria hoy en d\u00eda, para eso debemos partir por algo, y eso es el Centro de Innovaci\u00f3n Regional, lo que nos va a permitir avanzar para una pol\u00edtica distinta para el desarrollo de la regi\u00f3n\u201d.<\/em><\/p>\n\n\n\n<p><strong>Por otro lado, la vicerrectora de la Universidad Austral sede Puerto Montt, Sandra Burgos<\/strong>, se refiri\u00f3 al rol de la academia en este tipo de desaf\u00edos para la innovaci\u00f3n regional <em>\u201cpara nosotros como Universidad Austral de Chile, es important\u00edsimo estar aqu\u00ed en este lugar, muy contenta de ver a tanta gente,&nbsp; ya para nosotros aceptar este desaf\u00edo es muy importante, tenemos una relaci\u00f3n como Universidad con la comunidad, es parte de nuestro, rol generar conocimiento, investigaci\u00f3n y apoyo en todo lo que es innovaci\u00f3n en el sur austral, es muy relevante para nosotros por eso queremos agradecer al Gobierno Regional haber confiado en la Universidad Austral de Chile para esta labor, con un tremendo equipo profesional detr\u00e1s, nosotros ponemos a disposici\u00f3n de la comunidad&nbsp; nuestras competencias y expertis para apoyar este programa, junto con el trabajo de nuestra comunidad estudiantil\u201d.<\/em><\/p>\n\n\n\n<p>De este encuentro regional, se espera poder conocer las distintas miradas en torno a la innovaci\u00f3n y la realidad de cada una de las provincias de la Regi\u00f3n de Los Lagos, adem\u00e1s de difundir el trabajo realizado desde el centro de innovaci\u00f3n posicion\u00e1ndolo como un agente de cambio y desarrollo sostenible.<\/p>\n\n\n\n<p><strong>Maite Castro, Seremi de Ciencia, Tecnolog\u00eda, Conocimiento e Innovaci\u00f3n de la Macrozona Sur<\/strong>, destac\u00f3 que: \u201c<em>Es tremendamente importante la realizaci\u00f3n de este Festival de Innovaci\u00f3n, particularmente en la regi\u00f3n de Los Lagos, que es una regi\u00f3n de alta productividad con marcadas l\u00edneas, en las cuales alrededor de este ecosistema se han instalado en una cantidad de empresas de base cient\u00edfica tecnol\u00f3gica al servicio de esta estas l\u00edneas productivas. Por lo tanto este es un territorio donde la innovaci\u00f3n es bien acogida y donde adem\u00e1s creemos que se puede seguir empujando y mejorando los procesos productivos. En este mismo evento se inaugur\u00f3 adem\u00e1s el Centro de Innovaci\u00f3n Regional, el cual ha sido impulsado en eso. C\u00f3mo Ministerio de Ciencia, Tecnolog\u00eda, Conocimiento e Innovaci\u00f3n, felicitamos al Gobierno Regional de Los Lagos y tambi\u00e9n al Consejo Regional de Los Lagos, por impulsar esta iniciativa financiando este primer Centro Innovaci\u00f3n en la regi\u00f3n, el cual est\u00e1 siendo ejecutado por la Universidad Austral de Chile Sede Puerto Montt\u201d.<\/em><\/p>\n\n\n\n<p>El segundo bloque del Festival de Innovaci\u00f3n se realiz\u00f3 en el Galp\u00f3n del Parque Estaci\u00f3n, donde conocimos las experiencias de Marcela Ruiz, Directora Ejecutiva de Ac\u00fastica Marina, junto al testimonio de los hermanos Vicente y Renato Naour, j\u00f3venes innovadores de Chilo\u00e9 quienes junto a Claudio Naour, su padre, comentaron las experiencias vividas en el MIT en Boston, luego de ganar el Concurso Los Creadores.<\/p>\n\n\n\n<p><strong>Julio Britrup, director ejecutivo<\/strong> del Centro de Innovaci\u00f3n de Los Lagos, <em>\u201cesto se enmarca del hito inicial de puesta en marcha del Centro de Innovaci\u00f3n Regional de Los Lagos, un programa que estamos desarrollando para la reactivaci\u00f3n econ\u00f3mica, gracias al apoyo y al trabajo conjunto entre el Gobierno Regional de Los Lagos, el Consejo Regional, la Universidad Austral de Chile y Sinergiame, hoy estamos dando a conocer este proyecto con el que estaremos trabajando durante los pr\u00f3ximos 3 a\u00f1os, potenciando nuestra regi\u00f3n innovadora y resaltando a nuestros innovadores que tenemos en las 30 comunas de la regi\u00f3n y as\u00ed como tambi\u00e9n c\u00f3mo podemos resolver los desaf\u00edos que tenemos en los sectores econ\u00f3micos, como tambi\u00e9n dentro de todo el territorio&nbsp; en el \u00e1mbito de la sostenibilidad\u201d.<\/em><\/p>\n\n\n\n<p>Luego fue el turno del humorista y comediante <strong>Luis Slimming<\/strong>, creador de programas como El Sentido del Humor y Entre Broma y Broma, quien desarroll\u00f3 un conversatorio denominado <strong><em>\u201chablemos de humor, pero en serio\u201d <\/em><\/strong>comentando su experiencia para crecer y salir adelante a trav\u00e9s de la innovaci\u00f3n<strong><em>. <\/em><\/strong>Cerrando la jornada se present\u00f3 la artista regional Cata Efusiva, en formato d\u00fao junto a la guitarrista y compositora puertovarina Yulissa Sepulveda. Finalmente se gener\u00f3 un espacio de networking donde distintas instituciones y organismos colaboradores como <strong>COWO Incubadora<\/strong>, el <strong>CTCI<\/strong> Consejo Nacional de Ciencia, Tecnolog\u00eda, Conocimiento e Innovaci\u00f3n para el Desarrollo y el <strong>Ecosistema<\/strong> de Emprendimiento e Innovaci\u00f3n de Los Lagos interactuaron con el p\u00fablico asistente, informando y generando redes.<\/p>\n\n\n\n<p>El lugar elegido para la realizaci\u00f3n del Festival es el Hotel Enjoy en Puerto Varas en el \u201cSal\u00f3n Osorno\u201d y el Parque Estaci\u00f3n de la misma ciudad.<\/p>\n","protected":false},"excerpt":{"rendered":"<p>En Puerto Varas se inaugur\u00f3 el primer Festival de Innovaci\u00f3n de Los Lagos, en el cual diversos beneficiarios como emprendedores, gremios, entidades y comunidades territoriales presenciaron el programa impulsado por el Gobierno Regional de Los Lagos, como parte del Plan de Reactivaci\u00f3n Econ\u00f3mica Post Pandemia.<\/p>\n","protected":false},"author":1,"featured_media":13420,"comment_status":"closed","ping_status":"closed","sticky":false,"template":"","format":"standard","meta":{"footnotes":""},"categories":[3],"tags":[337,68,273,132,113,79,247,133],"class_list":["post-13419","post","type-post","status-publish","format-standard","has-post-thumbnail","hentry","category-al-dia","tag-informacion","tag-innovacion","tag-noticias","tag-osorno","tag-puerto-montt","tag-puerto-varas","tag-region-de-los-lagos","tag-semanario-local"],"_links":{"self":[{"href":"https:\/\/www.semanariolocal.cl\/index.php?rest_route=\/wp\/v2\/posts\/13419","targetHints":{"allow":["GET"]}}],"collection":[{"href":"https:\/\/www.semanariolocal.cl\/index.php?rest_route=\/wp\/v2\/posts"}],"about":[{"href":"https:\/\/www.semanariolocal.cl\/index.php?rest_route=\/wp\/v2\/types\/post"}],"author":[{"embeddable":true,"href":"https:\/\/www.semanariolocal.cl\/index.php?rest_route=\/wp\/v2\/users\/1"}],"replies":[{"embeddable":true,"href":"https:\/\/www.semanariolocal.cl\/index.php?rest_route=%2Fwp%2Fv2%2Fcomments&post=13419"}],"version-history":[{"count":1,"href":"https:\/\/www.semanariolocal.cl\/index.php?rest_route=\/wp\/v2\/posts\/13419\/revisions"}],"predecessor-version":[{"id":13421,"href":"https:\/\/www.semanariolocal.cl\/index.php?rest_route=\/wp\/v2\/posts\/13419\/revisions\/13421"}],"wp:featuredmedia":[{"embeddable":true,"href":"https:\/\/www.semanariolocal.cl\/index.php?rest_route=\/wp\/v2\/media\/13420"}],"wp:attachment":[{"href":"https:\/\/www.semanariolocal.cl\/index.php?rest_route=%2Fwp%2Fv2%2Fmedia&parent=13419"}],"wp:term":[{"taxonomy":"category","embeddable":true,"href":"https:\/\/www.semanariolocal.cl\/index.php?rest_route=%2Fwp%2Fv2%2Fcategories&post=13419"},{"taxonomy":"post_tag","embeddable":true,"href":"https:\/\/www.semanariolocal.cl\/index.php?rest_route=%2Fwp%2Fv2%2Ftags&post=13419"}],"curies":[{"name":"wp","href":"https:\/\/api.w.org\/{rel}","templated":true}]}}