{"id":13416,"date":"2023-06-29T10:53:00","date_gmt":"2023-06-29T14:53:00","guid":{"rendered":"https:\/\/www.semanariolocal.cl\/?p=13416"},"modified":"2023-06-30T20:02:01","modified_gmt":"2023-07-01T00:02:01","slug":"minagri-y-fegosa-firman-convenio-para-mejor-comercializacion-de-la-pequena-ganaderia","status":"publish","type":"post","link":"https:\/\/www.semanariolocal.cl\/?p=13416","title":{"rendered":"Minagri  y Fegosa firman convenio para mejor comercializaci\u00f3n de la peque\u00f1a ganader\u00eda"},"content":{"rendered":"\n<p>Con el prop\u00f3sito de mejorar las condiciones de comercializaci\u00f3n de ganado de la Agricultura Familiar Campesina (AFC), la Seremi de Agricultura de Los Lagos, Feria Osorno y Ferosor Agr\u00edcola firmaron un convenio de colaboraci\u00f3n que busca articular acciones para potenciar en el encadenamiento productivo de la peque\u00f1a ganader\u00eda.<\/p>\n\n\n\n<p>La Seremi de Agricultura Tania Salas se\u00f1al\u00f3 que el convenio \u201ces un primer paso para asegurar un mejor mercado hacia la agricultura familiar campesina, un trabajo colaborativo donde participaremos los servicios del agro alimentando el sistema de informaci\u00f3n pecuaria (Sipec) para que las empresas puedan identificar qu\u00e9 animales provienen de la peque\u00f1a ganader\u00eda, mientras Fegosa otorgar\u00e1 facilidades al momento de la venta. Este es un convenio que iremos evaluando y esperamos d\u00e9 muchos frutos\u201d.<\/p>\n\n\n\n<p>De esta forma, se ejecutar\u00e1 un programa de comercializaci\u00f3n destinado a productoras y productores ganaderos de la Agricultura Familiar Campesina (AFC), que apoyar\u00e1 el desarrollo ganadero mediante el levantamiento de brechas, con actividades como: creaci\u00f3n de corrales especiales, orientaci\u00f3n comercial, actividades de capacitaci\u00f3n, d\u00edas de campos, entre otras iniciativas.<\/p>\n\n\n\n<p>Requerimientos que se identificaron a trav\u00e9s de una encuesta presencial y online donde participaron m\u00e1s de un centenar de ganaderos locales, quienes entregaron su visi\u00f3n sobre las principales barreras que enfrentan al momento de comercializar en ferias.<\/p>\n\n\n\n<p>En esa l\u00ednea, Juan Guiresse, gerente general de Feria Osorno, indic\u00f3 que \u201ccomo empresa valoramos el aporte de los distintos estamentos p\u00fablicos del agro, creemos que hay una oportunidad para todos los productores que puedan encadenarse con nosotros para una mejor comercializaci\u00f3n de su ganado. Queremos apoyarlos para que podamos aprovechar esa oportunidad\u201d.<\/p>\n\n\n\n<p>En la actividad, participaron tambi\u00e9n el director regional de Indap Los Lagos Francisco Parada, el director regional del SAG Cristian Andrade, la directora regional de INIA Remehue Natalie Urrutia y el macrozonal de la Comisi\u00f3n Nacional de Riego, Rodrigo Z\u00fa\u00f1iga.<\/p>\n","protected":false},"excerpt":{"rendered":"<p>El instrumento entrega facilidades para el encadenamiento productivo de peque\u00f1as productoras y productores que son usuarios de los servicios del agro.<\/p>\n","protected":false},"author":1,"featured_media":13417,"comment_status":"closed","ping_status":"closed","sticky":false,"template":"","format":"standard","meta":{"footnotes":""},"categories":[20,3],"tags":[],"class_list":["post-13416","post","type-post","status-publish","format-standard","has-post-thumbnail","hentry","category-agro","category-al-dia"],"_links":{"self":[{"href":"https:\/\/www.semanariolocal.cl\/index.php?rest_route=\/wp\/v2\/posts\/13416","targetHints":{"allow":["GET"]}}],"collection":[{"href":"https:\/\/www.semanariolocal.cl\/index.php?rest_route=\/wp\/v2\/posts"}],"about":[{"href":"https:\/\/www.semanariolocal.cl\/index.php?rest_route=\/wp\/v2\/types\/post"}],"author":[{"embeddable":true,"href":"https:\/\/www.semanariolocal.cl\/index.php?rest_route=\/wp\/v2\/users\/1"}],"replies":[{"embeddable":true,"href":"https:\/\/www.semanariolocal.cl\/index.php?rest_route=%2Fwp%2Fv2%2Fcomments&post=13416"}],"version-history":[{"count":1,"href":"https:\/\/www.semanariolocal.cl\/index.php?rest_route=\/wp\/v2\/posts\/13416\/revisions"}],"predecessor-version":[{"id":13418,"href":"https:\/\/www.semanariolocal.cl\/index.php?rest_route=\/wp\/v2\/posts\/13416\/revisions\/13418"}],"wp:featuredmedia":[{"embeddable":true,"href":"https:\/\/www.semanariolocal.cl\/index.php?rest_route=\/wp\/v2\/media\/13417"}],"wp:attachment":[{"href":"https:\/\/www.semanariolocal.cl\/index.php?rest_route=%2Fwp%2Fv2%2Fmedia&parent=13416"}],"wp:term":[{"taxonomy":"category","embeddable":true,"href":"https:\/\/www.semanariolocal.cl\/index.php?rest_route=%2Fwp%2Fv2%2Fcategories&post=13416"},{"taxonomy":"post_tag","embeddable":true,"href":"https:\/\/www.semanariolocal.cl\/index.php?rest_route=%2Fwp%2Fv2%2Ftags&post=13416"}],"curies":[{"name":"wp","href":"https:\/\/api.w.org\/{rel}","templated":true}]}}