{"id":13391,"date":"2023-07-01T19:00:00","date_gmt":"2023-07-01T23:00:00","guid":{"rendered":"https:\/\/www.semanariolocal.cl\/?p=13391"},"modified":"2023-06-30T17:37:00","modified_gmt":"2023-06-30T21:37:00","slug":"bienes-nacionales-entrego-34-titulos-de-dominio-a-familias-de-la-comuna-de-osorno","status":"publish","type":"post","link":"https:\/\/www.semanariolocal.cl\/?p=13391","title":{"rendered":"Bienes Nacionales entreg\u00f3 34 t\u00edtulos de dominio a familias de la comuna de Osorno"},"content":{"rendered":"\n<p>El seremi de Bienes Nacionales, Pablo Flores Merino, lleg\u00f3 hasta Osorno para entregar 34 t\u00edtulos de dominio a vecinas y vecinos de la comuna de la leche y la carne. Familias que, desde hoy, podr\u00e1n acceder a los m\u00faltiples beneficios que entrega el Estado, tales como, pavimentaci\u00f3n de calles, casetas sanitarias, subsidios (habitacionales, de agua potable y alcantarillado), entre otros.<\/p>\n\n\n\n<p>\u201cHemos reducido los tiempos de entrega considerablemente. Con esta entrega, no solo entregamos certeza jur\u00eddica, solo se llevan el documento que los acredita como propietarios, sino que nosotros como Ministerio de Bienes Nacionales cumplimos sue\u00f1os porque de aqu\u00ed en adelante nosotros mejoramos la calidad de vida de los habitantes de nuestra regi\u00f3n, ya que se les abre el abanico de posibilidades para poder optar a todos los beneficios estatales\u201d, destaco el Secretario Regional Ministerial de Bienes Nacionales, Pablo Flores.<\/p>\n\n\n\n<p>La regularizaci\u00f3n de la peque\u00f1a propiedad es un instrumento del ministerio de Bienes Nacionales que permite a las personas ser propietarias del inmueble que habitan, adem\u00e1s de la posibilidad de acceder a una serie de beneficios estatales aportando as\u00ed a la seguridad territorial.<\/p>\n\n\n\n<p>\u201cCon la entrega de los t\u00edtulos de dominio se les da certeza jur\u00eddica que le da tranquilidad y que le da seguridad de acceder a otras ofertas program\u00e1ticas que tiene el Estado, a trav\u00e9s de las distintas carteras ministeriales y que significa un orgullo y una meta alcanzada que hoy van a tener un pedacito de tierra a su nombre par ellos y para sus familias\u201d, destac\u00f3 la Delegada Provincial, Claudia Pailalef.<\/p>\n\n\n\n<p>Por su parte, don Walter Belmar de 67 a\u00f1os del sector de 18 de Septiembre de la poblaci\u00f3n Bernardo O\u00b4Higgins de Osorno, se manifest\u00f3 feliz y agradecido de recibir su t\u00edtulos de dominio, explicando que para \u00e9l \u201cesto es un sue\u00f1o, ya que va hacer algo nuestro, por lo cual podremos postular a los proyectos que tiene el Estado para mejoramiento de viviendas\u201d. Agreg\u00f3, adem\u00e1s, que \u201cllevaba a\u00f1os esperando y as\u00ed que doy gracias a Bienes nacionales, a la Delegaci\u00f3n Presidencial y al Presidente Gabriel Boric, por el trabajo mancomunado que est\u00e1n haciendo para que cada uno de nosotros podamos recibir hoy los papeles de nuestras casitas y poder vivir tranquilo y en paz\u201d, asever\u00f3 el nuevo propietario.<\/p>\n","protected":false},"excerpt":{"rendered":"<p>Con la certeza jur\u00eddica los y las vecinos podr\u00e1n acceder a los beneficios sociales entregados por el Estado, tales como pavimentaci\u00f3n de calles, casetas sanitarias, subsidios (habitacionales, de agua potable y alcantarillado), entre otros.<\/p>\n","protected":false},"author":1,"featured_media":13392,"comment_status":"closed","ping_status":"closed","sticky":false,"template":"","format":"standard","meta":{"footnotes":""},"categories":[3],"tags":[2037,337,273,132,247,133],"class_list":["post-13391","post","type-post","status-publish","format-standard","has-post-thumbnail","hentry","category-al-dia","tag-delegacion-provincial-osorno","tag-informacion","tag-noticias","tag-osorno","tag-region-de-los-lagos","tag-semanario-local"],"_links":{"self":[{"href":"https:\/\/www.semanariolocal.cl\/index.php?rest_route=\/wp\/v2\/posts\/13391","targetHints":{"allow":["GET"]}}],"collection":[{"href":"https:\/\/www.semanariolocal.cl\/index.php?rest_route=\/wp\/v2\/posts"}],"about":[{"href":"https:\/\/www.semanariolocal.cl\/index.php?rest_route=\/wp\/v2\/types\/post"}],"author":[{"embeddable":true,"href":"https:\/\/www.semanariolocal.cl\/index.php?rest_route=\/wp\/v2\/users\/1"}],"replies":[{"embeddable":true,"href":"https:\/\/www.semanariolocal.cl\/index.php?rest_route=%2Fwp%2Fv2%2Fcomments&post=13391"}],"version-history":[{"count":1,"href":"https:\/\/www.semanariolocal.cl\/index.php?rest_route=\/wp\/v2\/posts\/13391\/revisions"}],"predecessor-version":[{"id":13393,"href":"https:\/\/www.semanariolocal.cl\/index.php?rest_route=\/wp\/v2\/posts\/13391\/revisions\/13393"}],"wp:featuredmedia":[{"embeddable":true,"href":"https:\/\/www.semanariolocal.cl\/index.php?rest_route=\/wp\/v2\/media\/13392"}],"wp:attachment":[{"href":"https:\/\/www.semanariolocal.cl\/index.php?rest_route=%2Fwp%2Fv2%2Fmedia&parent=13391"}],"wp:term":[{"taxonomy":"category","embeddable":true,"href":"https:\/\/www.semanariolocal.cl\/index.php?rest_route=%2Fwp%2Fv2%2Fcategories&post=13391"},{"taxonomy":"post_tag","embeddable":true,"href":"https:\/\/www.semanariolocal.cl\/index.php?rest_route=%2Fwp%2Fv2%2Ftags&post=13391"}],"curies":[{"name":"wp","href":"https:\/\/api.w.org\/{rel}","templated":true}]}}