{"id":13292,"date":"2023-06-23T17:20:00","date_gmt":"2023-06-23T21:20:00","guid":{"rendered":"https:\/\/www.semanariolocal.cl\/?p=13292"},"modified":"2023-06-23T22:54:12","modified_gmt":"2023-06-24T02:54:12","slug":"diputado-barria-se-debe-poner-fin-a-la-entrega-de-recursos-a-dedo","status":"publish","type":"post","link":"https:\/\/www.semanariolocal.cl\/?p=13292","title":{"rendered":"Diputado Barr\u00eda: \u201cSe debe poner fin a la entrega de recursos a dedo\u201d."},"content":{"rendered":"\n<p>En medio de un lamentable esc\u00e1ndalo relacionado con la entrega de recursos por parte del Ministerio de Vivienda a diversas fundaciones, el Diputado Barr\u00eda ha levantado su voz para exigir medidas urgentes y concretas que pongan fin a esta pr\u00e1ctica.<\/p>\n\n\n\n<p>El diputado, conocido por su compromiso con la transparencia y la probidad en la gesti\u00f3n p\u00fablica, ha expresado su preocupaci\u00f3n por la asignaci\u00f3n discrecional de recursos a trav\u00e9s de esta modalidad. Aunque estos actos podr\u00edan ser legales, Barr\u00eda sostiene firmemente que se encuentran muy alejados de los principios \u00e9ticos que deben regir en la administraci\u00f3n de los fondos p\u00fablicos.<\/p>\n\n\n\n<p><strong><em>\u00abCreo que nos debe llevar a buscar soluciones r\u00e1pidas y concretas\u00bb, afirm\u00f3 el diputado Barr\u00eda en una entrevista reciente. \u00abSi bien puede ser que estos temas sean legales, est\u00e1n muy lejanos a la \u00e9tica y, por lo tanto, lleg\u00f3 el momento de legislar con urgencia para terminar con la entrega de recursos a dedo, para terminar con la discrecionalidad y dar ejemplo de hacer las cosas bien\u00bb.<\/em><\/strong><\/p>\n\n\n\n<p>El diputado destac\u00f3 ejemplos de pr\u00e1cticas m\u00e1s transparentes y participativas en la asignaci\u00f3n de recursos, como el presupuesto participativo implementado en la comuna de Purranque. En este modelo, la comunidad tiene la oportunidad de presentar sus propuestas y votar para priorizar y adjudicar los recursos disponibles. Barr\u00eda considera que esta medida es un ejemplo positivo de c\u00f3mo se pueden evitar los favoritismos y asegurar una distribuci\u00f3n equitativa de los recursos p\u00fablicos.<\/p>\n\n\n\n<p><strong><em>Adem\u00e1s, el diputado resalt\u00f3 la importancia de los proyectos concursables implementados por el Gobierno Regional, en los que las organizaciones presentan los antecedentes de sus iniciativas y son evaluadas de manera objetiva para la asignaci\u00f3n de los fondos.<\/em><\/strong><\/p>\n\n\n\n<p>No obstante, Barr\u00eda enfatiz\u00f3 que la asignaci\u00f3n a dedo, basada en relaciones personales y contactos pol\u00edticos, debe ser erradicada. Hizo menci\u00f3n al denominado \u00abfondo Presidente de la Rep\u00fablica\u00bb como un ejemplo de esta pr\u00e1ctica, donde la asignaci\u00f3n de los recursos depende de la influencia que se tenga en el gobierno, ya sea actual, anterior o futuro.<\/p>\n\n\n\n<p><strong><em>El diputado Barr\u00eda concluy\u00f3 su declaraci\u00f3n instando al Congreso Nacional a abordar esta problem\u00e1tica de manera urgente y convertirla en parte de la discusi\u00f3n de las pr\u00f3ximas semanas.&nbsp; Para \u00e9l, es fundamental poner fin a la discrecionalidad en la entrega de recursos, garantizando que los fondos p\u00fablicos sean utilizados de manera responsable y transparente, recordando que provienen de los impuestos pagados por los ciudadanos y ciudadanas de Chile.<\/em><\/strong><\/p>\n","protected":false},"excerpt":{"rendered":"<p>El parlamentario propone medidas urgentes para eliminar la discrecionalidad en la asignaci\u00f3n de fondos p\u00fablicos.<\/p>\n","protected":false},"author":1,"featured_media":13293,"comment_status":"closed","ping_status":"closed","sticky":false,"template":"","format":"standard","meta":{"footnotes":""},"categories":[3,8],"tags":[337,273,132,247,133],"class_list":["post-13292","post","type-post","status-publish","format-standard","has-post-thumbnail","hentry","category-al-dia","category-comunas","tag-informacion","tag-noticias","tag-osorno","tag-region-de-los-lagos","tag-semanario-local"],"_links":{"self":[{"href":"https:\/\/www.semanariolocal.cl\/index.php?rest_route=\/wp\/v2\/posts\/13292","targetHints":{"allow":["GET"]}}],"collection":[{"href":"https:\/\/www.semanariolocal.cl\/index.php?rest_route=\/wp\/v2\/posts"}],"about":[{"href":"https:\/\/www.semanariolocal.cl\/index.php?rest_route=\/wp\/v2\/types\/post"}],"author":[{"embeddable":true,"href":"https:\/\/www.semanariolocal.cl\/index.php?rest_route=\/wp\/v2\/users\/1"}],"replies":[{"embeddable":true,"href":"https:\/\/www.semanariolocal.cl\/index.php?rest_route=%2Fwp%2Fv2%2Fcomments&post=13292"}],"version-history":[{"count":1,"href":"https:\/\/www.semanariolocal.cl\/index.php?rest_route=\/wp\/v2\/posts\/13292\/revisions"}],"predecessor-version":[{"id":13294,"href":"https:\/\/www.semanariolocal.cl\/index.php?rest_route=\/wp\/v2\/posts\/13292\/revisions\/13294"}],"wp:featuredmedia":[{"embeddable":true,"href":"https:\/\/www.semanariolocal.cl\/index.php?rest_route=\/wp\/v2\/media\/13293"}],"wp:attachment":[{"href":"https:\/\/www.semanariolocal.cl\/index.php?rest_route=%2Fwp%2Fv2%2Fmedia&parent=13292"}],"wp:term":[{"taxonomy":"category","embeddable":true,"href":"https:\/\/www.semanariolocal.cl\/index.php?rest_route=%2Fwp%2Fv2%2Fcategories&post=13292"},{"taxonomy":"post_tag","embeddable":true,"href":"https:\/\/www.semanariolocal.cl\/index.php?rest_route=%2Fwp%2Fv2%2Ftags&post=13292"}],"curies":[{"name":"wp","href":"https:\/\/api.w.org\/{rel}","templated":true}]}}