{"id":13289,"date":"2023-06-23T17:10:00","date_gmt":"2023-06-23T21:10:00","guid":{"rendered":"https:\/\/www.semanariolocal.cl\/?p=13289"},"modified":"2023-06-23T22:56:00","modified_gmt":"2023-06-24T02:56:00","slug":"solicitan-conocer-detalles-de-centros-de-tratamiento-de-basura-para-osorno-y-castro","status":"publish","type":"post","link":"https:\/\/www.semanariolocal.cl\/?p=13289","title":{"rendered":"Solicitan conocer detalles de Centros de Tratamiento de basura para Osorno y Castro"},"content":{"rendered":"\n<p>En la reciente sesi\u00f3n plenaria del Consejo Regional de Los Lagos realizada en Osorno, el Core, en su calidad de presidente de la comisi\u00f3n de Medio Ambiente y Cambio Clim\u00e1tico,&nbsp; Francisco Reyes Castro, solicit\u00f3 v\u00eda oficio el estado de situaci\u00f3n de la RCA (Resoluci\u00f3n de Calificaci\u00f3n Ambiental) para los sitios de disposici\u00f3n final de basura proyectados para las ciudades de Osorno y Castro.<\/p>\n\n\n\n<p>Esto, con el objetivo de conocer de forma previa y detallada los informes que respaldan la construcci\u00f3n de estos dispositivos en tiempos donde la experiencia dice que sin un an\u00e1lisis exhaustivo los errores pueden ser inminentes. \u00a8No podemos construir una iniciativa, cualquiera sea, si no tenemos claro el piso m\u00ednimo, por eso solicito que formalmente se informe la vigencia de la calificaci\u00f3n ambiental para conocer la vigencia los terrenos donde se pretende construir los Centros de Tratamiento Integrales de Osorno y Castro, espero no encontrarnos con permisos vencidos\u00a8, dijo el Core Reyes.<\/p>\n\n\n\n<p>Se solicita el estado de situaci\u00f3n, consultar gestiones previas por parte de los municipios a cargo y\/o activar el an\u00e1lisis de la RCA en cada caso, lo que involucra la respectiva fiscalizaci\u00f3n t\u00e9cnica por parte de la SMA (Superintendencia de Medio Ambiente), Regi\u00f3n de Los Lagos.<\/p>\n\n\n\n<p>Recordar que recientemente se firm\u00f3 un acuerdo marco de cooperaci\u00f3n interinstitucional para el manejo sustentable de los residuos s\u00f3lidos de gesti\u00f3n municipal de la Provincia de Osorno, donde participan el Gobierno central, el Gobierno Regional, el Consejo Regional y la Asociaci\u00f3n de Municipios.&nbsp;\u00a8El Core aqu\u00ed tiene que conocer los antecedentes y detalles, no solo con el af\u00e1n de fiscalizar, sino tambi\u00e9n con el \u00e1nimo de apoyar en su correcta materializaci\u00f3n, no puede actuar de forma pasiva\u00a8, sostuvo la autoridad regional.<\/p>\n","protected":false},"excerpt":{"rendered":"<p>El Consejero regional Francisco Reyes Castro, presidente de la comisi\u00f3n de Medio Ambiente y Cambio Clim\u00e1tico,  solicit\u00f3 v\u00eda oficio conocer el estado de situaci\u00f3n de la Resoluci\u00f3n de Calificaci\u00f3n Ambiental para los sitios de disposici\u00f3n final de basura proyectados para las ciudades de Osorno y Castro.<\/p>\n","protected":false},"author":1,"featured_media":13290,"comment_status":"closed","ping_status":"closed","sticky":false,"template":"","format":"standard","meta":{"footnotes":""},"categories":[3,8,6],"tags":[2014,2013,337,273,132,247,133],"class_list":["post-13289","post","type-post","status-publish","format-standard","has-post-thumbnail","hentry","category-al-dia","category-comunas","category-politica","tag-core-region-de-los-lagos","tag-francisco-reyes-castro","tag-informacion","tag-noticias","tag-osorno","tag-region-de-los-lagos","tag-semanario-local"],"_links":{"self":[{"href":"https:\/\/www.semanariolocal.cl\/index.php?rest_route=\/wp\/v2\/posts\/13289","targetHints":{"allow":["GET"]}}],"collection":[{"href":"https:\/\/www.semanariolocal.cl\/index.php?rest_route=\/wp\/v2\/posts"}],"about":[{"href":"https:\/\/www.semanariolocal.cl\/index.php?rest_route=\/wp\/v2\/types\/post"}],"author":[{"embeddable":true,"href":"https:\/\/www.semanariolocal.cl\/index.php?rest_route=\/wp\/v2\/users\/1"}],"replies":[{"embeddable":true,"href":"https:\/\/www.semanariolocal.cl\/index.php?rest_route=%2Fwp%2Fv2%2Fcomments&post=13289"}],"version-history":[{"count":1,"href":"https:\/\/www.semanariolocal.cl\/index.php?rest_route=\/wp\/v2\/posts\/13289\/revisions"}],"predecessor-version":[{"id":13291,"href":"https:\/\/www.semanariolocal.cl\/index.php?rest_route=\/wp\/v2\/posts\/13289\/revisions\/13291"}],"wp:featuredmedia":[{"embeddable":true,"href":"https:\/\/www.semanariolocal.cl\/index.php?rest_route=\/wp\/v2\/media\/13290"}],"wp:attachment":[{"href":"https:\/\/www.semanariolocal.cl\/index.php?rest_route=%2Fwp%2Fv2%2Fmedia&parent=13289"}],"wp:term":[{"taxonomy":"category","embeddable":true,"href":"https:\/\/www.semanariolocal.cl\/index.php?rest_route=%2Fwp%2Fv2%2Fcategories&post=13289"},{"taxonomy":"post_tag","embeddable":true,"href":"https:\/\/www.semanariolocal.cl\/index.php?rest_route=%2Fwp%2Fv2%2Ftags&post=13289"}],"curies":[{"name":"wp","href":"https:\/\/api.w.org\/{rel}","templated":true}]}}