{"id":13261,"date":"2023-06-22T21:01:18","date_gmt":"2023-06-23T01:01:18","guid":{"rendered":"https:\/\/www.semanariolocal.cl\/?p=13261"},"modified":"2023-06-22T21:01:19","modified_gmt":"2023-06-23T01:01:19","slug":"core-casanova-solicitara-se-auditen-fundaciones-y-corporaciones-tambien-en-region-de-los-lagos","status":"publish","type":"post","link":"https:\/\/www.semanariolocal.cl\/?p=13261","title":{"rendered":"Core Casanova solicitar\u00e1 se auditen fundaciones y corporaciones tambi\u00e9n en Regi\u00f3n de los Lagos"},"content":{"rendered":"\n<p>En la pr\u00f3xima sesi\u00f3n plenaria del Consejo Regional de Los Lagos a realizarse en Puerto Montt el 05 de julio, el consejero regional y presidente de la comisi\u00f3n de salud del CORE Los Lagos, Alexis Casanova C\u00e1rdenas, solicitar\u00e1 un informe de todas las fundaciones y corporaciones que han recibido recursos del Gobierno Regional de Los Lagos.<\/p>\n\n\n\n<p>Esto, a ra\u00edz de lo ocurrido con las irregularidades de un convenio por 426 millones de pesos, entre el Seremi de Vivienda de Antofagasta con la Fundaci\u00f3n Democracia Viva, cuyo representante legal es&nbsp;Daniel Andrade, pareja de la diputada y vicepresidenta de la C\u00e1mara,&nbsp;Catalina P\u00e9rez&nbsp;(RD).<\/p>\n\n\n\n<p>El core Casanova afirma que el objetivo es ser transparentes con las relaciones que hay entre pol\u00edticos y estas entidades. \u00a8Es absolutamente necesario e imperioso &nbsp;hacer esta revisi\u00f3n de las fundaciones y corporaciones que se le asignaron desde el Gobierno Regional, revisar los montos, los gastos y todo lo que implica inversi\u00f3n y si surgen dudas llegaremos a Contralor\u00eda\u00a8, indic\u00f3. &nbsp;<\/p>\n","protected":false},"excerpt":{"rendered":"<p>El core Casanova afirma que el objetivo es ser transparentes con las relaciones que hay entre pol\u00edticos y estas entidades.<\/p>\n","protected":false},"author":1,"featured_media":13262,"comment_status":"closed","ping_status":"closed","sticky":false,"template":"","format":"standard","meta":{"footnotes":""},"categories":[3,6],"tags":[],"class_list":["post-13261","post","type-post","status-publish","format-standard","has-post-thumbnail","hentry","category-al-dia","category-politica"],"_links":{"self":[{"href":"https:\/\/www.semanariolocal.cl\/index.php?rest_route=\/wp\/v2\/posts\/13261","targetHints":{"allow":["GET"]}}],"collection":[{"href":"https:\/\/www.semanariolocal.cl\/index.php?rest_route=\/wp\/v2\/posts"}],"about":[{"href":"https:\/\/www.semanariolocal.cl\/index.php?rest_route=\/wp\/v2\/types\/post"}],"author":[{"embeddable":true,"href":"https:\/\/www.semanariolocal.cl\/index.php?rest_route=\/wp\/v2\/users\/1"}],"replies":[{"embeddable":true,"href":"https:\/\/www.semanariolocal.cl\/index.php?rest_route=%2Fwp%2Fv2%2Fcomments&post=13261"}],"version-history":[{"count":1,"href":"https:\/\/www.semanariolocal.cl\/index.php?rest_route=\/wp\/v2\/posts\/13261\/revisions"}],"predecessor-version":[{"id":13263,"href":"https:\/\/www.semanariolocal.cl\/index.php?rest_route=\/wp\/v2\/posts\/13261\/revisions\/13263"}],"wp:featuredmedia":[{"embeddable":true,"href":"https:\/\/www.semanariolocal.cl\/index.php?rest_route=\/wp\/v2\/media\/13262"}],"wp:attachment":[{"href":"https:\/\/www.semanariolocal.cl\/index.php?rest_route=%2Fwp%2Fv2%2Fmedia&parent=13261"}],"wp:term":[{"taxonomy":"category","embeddable":true,"href":"https:\/\/www.semanariolocal.cl\/index.php?rest_route=%2Fwp%2Fv2%2Fcategories&post=13261"},{"taxonomy":"post_tag","embeddable":true,"href":"https:\/\/www.semanariolocal.cl\/index.php?rest_route=%2Fwp%2Fv2%2Ftags&post=13261"}],"curies":[{"name":"wp","href":"https:\/\/api.w.org\/{rel}","templated":true}]}}