{"id":13256,"date":"2023-06-22T20:20:21","date_gmt":"2023-06-23T00:20:21","guid":{"rendered":"https:\/\/www.semanariolocal.cl\/?p=13256"},"modified":"2023-06-22T20:20:23","modified_gmt":"2023-06-23T00:20:23","slug":"proyecto-fontagro-en-latinoamerica-permite-alerta-temprana-para-manejo-del-tizon-tardio","status":"publish","type":"post","link":"https:\/\/www.semanariolocal.cl\/?p=13256","title":{"rendered":"Proyecto Fontagro en Latinoam\u00e9rica permite alerta temprana para manejo del Tiz\u00f3n tard\u00edo"},"content":{"rendered":"\n<p>Luego de m\u00e1s de 4 a\u00f1os de actividades se dio t\u00e9rmino al proyecto \u201cAlerta temprana para el manejo del Tiz\u00f3n tard\u00edo de la papa\u201d financiado por Fontagro, en el que participaron especialistas de Chile, Argentina, Ecuador y Panam\u00e1, agricultores y familias de la peque\u00f1a agricultura de estos pa\u00edses.<\/p>\n\n\n\n<p>En Madrid, Espa\u00f1a, en el marco del XVIII Taller Anual de Seguimiento T\u00e9cnico de Proyectos, Ivette Acu\u00f1a, fitopat\u00f3loga de INIA Chile y l\u00edder del proyecto, dio a conocer los principales resultados obtenidos.<\/p>\n\n\n<div class=\"wp-block-image\">\n<figure class=\"alignleft size-large is-resized\"><img loading=\"lazy\" decoding=\"async\" src=\"https:\/\/www.semanariolocal.cl\/wp-content\/uploads\/2023\/06\/tizon3-724x600.jpg\" alt=\"\" class=\"wp-image-13258\" width=\"341\" height=\"283\" srcset=\"https:\/\/www.semanariolocal.cl\/wp-content\/uploads\/2023\/06\/tizon3-724x600.jpg 724w, https:\/\/www.semanariolocal.cl\/wp-content\/uploads\/2023\/06\/tizon3-300x249.jpg 300w, https:\/\/www.semanariolocal.cl\/wp-content\/uploads\/2023\/06\/tizon3-768x636.jpg 768w, https:\/\/www.semanariolocal.cl\/wp-content\/uploads\/2023\/06\/tizon3.jpg 787w\" sizes=\"auto, (max-width: 341px) 100vw, 341px\" \/><\/figure>\n<\/div>\n\n\n<p>\u201cEl cambio clim\u00e1tico ha favorecido la reemergencia de este problema y la diseminaci\u00f3n de nuevos genotipos del pat\u00f3geno. La soluci\u00f3n fue implementar sistemas de alerta temprana, los cuales indican los momentos oportunos para el control de esta enfermedad, as\u00ed los agricultores pueden tomar decisiones para disminuir el riesgo de la presencia de Tiz\u00f3n tard\u00edo de una forma mucho m\u00e1s sustentable\u00bb, sostuvo.<\/p>\n\n\n\n<p>\u201cCon el prop\u00f3sito de desarrollar e implementar un sistema de alerta temprana se form\u00f3 una plataforma de especialistas en Tiz\u00f3n tard\u00edo de la papa, capaz de disminuir las p\u00e9rdidas causadas por esta enfermedad\u201d, se\u00f1al\u00f3.<\/p>\n\n\n\n<p>\u201cLa iniciativa implement\u00f3 y valid\u00f3 sistemas de alerta temprana para esta enfermedad en los 4 pa\u00edses participantes de la iniciativa, logrando con esto reducir el 53% de la cantidad de aplicaciones de fungicidas para prevenir y controlar la enfermedad y por lo mismo, disminuir el 56% el \u00edndice de impacto ambiental y el 60% los costos asociados a los productos utilizados, sin afectar el rendimiento\u201d, recalc\u00f3.<\/p>\n\n\n\n<p>Florencia Lucca, Investigadora de INTA Argentina e integrante de la plataforma de especialistas, resalt\u00f3 que \u201cdurante el proyecto tambi\u00e9n colectamos muestras del agente causal del Tiz\u00f3n tard\u00edo,&nbsp;<em>Phytophthora infestans<\/em>, en los pa\u00edses participantes. En base a este monitoreo y su caracterizaci\u00f3n, elaboramos un mapa gen\u00e9tico del pat\u00f3geno, que nos ayudar\u00e1 a entender el riesgo y la distribuci\u00f3n potencial de este agente causal en Latinoam\u00e9rica y tomar medidas preventivas\u201d.<\/p>\n\n\n<div class=\"wp-block-image\">\n<figure class=\"alignleft size-large is-resized\"><img loading=\"lazy\" decoding=\"async\" src=\"https:\/\/www.semanariolocal.cl\/wp-content\/uploads\/2023\/06\/tizon2-600x600.jpg\" alt=\"Con 63 talleres, seminarios y d\u00edas de campo y cerca de 3.000 personas capacitadas culmin\u00f3 esta iniciativa ejecutada por el Instituto de Investigaciones Agropecuarias (INIA) de Chile, el Instituto Nacional de Tecnolog\u00eda Agropecuaria (INTA) de Argentina; el Instituto Nacional de Investigaciones Agropecuarias (INIAP) de Ecuador y el Instituto de Investigaci\u00f3n Agropecuaria (IDIAP) de Panam\u00e1.\" class=\"wp-image-13259\" width=\"424\" height=\"424\" srcset=\"https:\/\/www.semanariolocal.cl\/wp-content\/uploads\/2023\/06\/tizon2-600x600.jpg 600w, https:\/\/www.semanariolocal.cl\/wp-content\/uploads\/2023\/06\/tizon2-300x300.jpg 300w, https:\/\/www.semanariolocal.cl\/wp-content\/uploads\/2023\/06\/tizon2-150x150.jpg 150w, https:\/\/www.semanariolocal.cl\/wp-content\/uploads\/2023\/06\/tizon2-768x768.jpg 768w, https:\/\/www.semanariolocal.cl\/wp-content\/uploads\/2023\/06\/tizon2.jpg 1000w\" sizes=\"auto, (max-width: 424px) 100vw, 424px\" \/><\/figure>\n<\/div>\n\n\n<p>Respecto a las actividades de capacitaci\u00f3n, Constanza Sep\u00falveda, profesional de INIA Remehue inform\u00f3 que \u201cen total se realizaron 29 unidades de validaci\u00f3n y 63 talleres, seminarios y d\u00edas de campo a productores y productoras de papa, asesores, estudiantes y agentes de la cadena productiva en tem\u00e1ticas como manejo integrado, uso de sistemas de alerta y buenas pr\u00e1cticas agr\u00edcolas que permitieron entregar informaci\u00f3n valiosa y actualizada a las casi 3.000 personas capacitadas\u201d.<\/p>\n\n\n\n<p>La especialista de INIA agreg\u00f3 que en el marco de este proyecto se desarrollaron diferentes materiales de difusi\u00f3n que permanecer\u00e1n disponibles para toda la cadena productiva en la plataforma web del proyecto&nbsp;<a href=\"https:\/\/enfermedadespapa.inia.cl\/fontagro\/\" target=\"_blank\" rel=\"noreferrer noopener\">https:\/\/enfermedadespapa.inia.cl\/fontagro\/<\/a>&nbsp;y en el video&nbsp;<a href=\"https:\/\/www.youtube.com\/watch?v=TBhKPYHOyNs\" target=\"_blank\" rel=\"noreferrer noopener\">https:\/\/www.youtube.com\/watch?v=TBhKPYHOyNs<\/a><\/p>\n","protected":false},"excerpt":{"rendered":"<p>Con 63 talleres, seminarios y d\u00edas de campo y cerca de 3.000 personas capacitadas culmin\u00f3 esta iniciativa ejecutada por el Instituto de Investigaciones Agropecuarias (INIA) de Chile, el Instituto Nacional de Tecnolog\u00eda Agropecuaria (INTA) de Argentina; el Instituto Nacional de Investigaciones Agropecuarias (INIAP) de Ecuador y el Instituto de Investigaci\u00f3n Agropecuaria (IDIAP) de Panam\u00e1.<\/p>\n","protected":false},"author":1,"featured_media":13257,"comment_status":"closed","ping_status":"closed","sticky":false,"template":"","format":"standard","meta":{"footnotes":""},"categories":[20,3,8,12],"tags":[337,557,558,273,132,247,133],"class_list":["post-13256","post","type-post","status-publish","format-standard","has-post-thumbnail","hentry","category-agro","category-al-dia","category-comunas","category-economia","tag-informacion","tag-inia","tag-inia-remehue","tag-noticias","tag-osorno","tag-region-de-los-lagos","tag-semanario-local"],"_links":{"self":[{"href":"https:\/\/www.semanariolocal.cl\/index.php?rest_route=\/wp\/v2\/posts\/13256","targetHints":{"allow":["GET"]}}],"collection":[{"href":"https:\/\/www.semanariolocal.cl\/index.php?rest_route=\/wp\/v2\/posts"}],"about":[{"href":"https:\/\/www.semanariolocal.cl\/index.php?rest_route=\/wp\/v2\/types\/post"}],"author":[{"embeddable":true,"href":"https:\/\/www.semanariolocal.cl\/index.php?rest_route=\/wp\/v2\/users\/1"}],"replies":[{"embeddable":true,"href":"https:\/\/www.semanariolocal.cl\/index.php?rest_route=%2Fwp%2Fv2%2Fcomments&post=13256"}],"version-history":[{"count":1,"href":"https:\/\/www.semanariolocal.cl\/index.php?rest_route=\/wp\/v2\/posts\/13256\/revisions"}],"predecessor-version":[{"id":13260,"href":"https:\/\/www.semanariolocal.cl\/index.php?rest_route=\/wp\/v2\/posts\/13256\/revisions\/13260"}],"wp:featuredmedia":[{"embeddable":true,"href":"https:\/\/www.semanariolocal.cl\/index.php?rest_route=\/wp\/v2\/media\/13257"}],"wp:attachment":[{"href":"https:\/\/www.semanariolocal.cl\/index.php?rest_route=%2Fwp%2Fv2%2Fmedia&parent=13256"}],"wp:term":[{"taxonomy":"category","embeddable":true,"href":"https:\/\/www.semanariolocal.cl\/index.php?rest_route=%2Fwp%2Fv2%2Fcategories&post=13256"},{"taxonomy":"post_tag","embeddable":true,"href":"https:\/\/www.semanariolocal.cl\/index.php?rest_route=%2Fwp%2Fv2%2Ftags&post=13256"}],"curies":[{"name":"wp","href":"https:\/\/api.w.org\/{rel}","templated":true}]}}