{"id":13247,"date":"2023-06-22T17:21:32","date_gmt":"2023-06-22T21:21:32","guid":{"rendered":"https:\/\/www.semanariolocal.cl\/?p=13247"},"modified":"2023-06-22T17:21:33","modified_gmt":"2023-06-22T21:21:33","slug":"puerto-varas-sera-sede-del-primer-evento-internacional-para-desarrollo-eco-inteligente","status":"publish","type":"post","link":"https:\/\/www.semanariolocal.cl\/?p=13247","title":{"rendered":"Puerto Varas ser\u00e1 sede del primer evento internacional para desarrollo eco-inteligente"},"content":{"rendered":"\n<p>Los salones del Hotel Enjoy de Puerto Varas ser\u00e1n la sede del in\u00e9dito encuentro en torno a la discusi\u00f3n sobre las potencialidades de la industria Smart City para dar una respuesta a los desaf\u00edos que actualmente enfrentan las ciudades de la regi\u00f3n de Los Lagos. Se trata del evento \u201cLos Lagos: Visi\u00f3n Sostenible\u201d, organizado por DO! Smart City y Corfo Los Lagos &nbsp;agendado para los d\u00edas 30 y 31 de agosto pr\u00f3ximos.<\/p>\n\n\n\n<p><strong><em>\u201cDurante a\u00f1os se habl\u00f3 de ciudades inteligentes como sin\u00f3nimo de la mera implementaci\u00f3n de tecnolog\u00eda. Pero hoy, este concepto se ha desarrollado y podemos decir que una Smart City es una ciudad que utiliza ese potencial de la tecnolog\u00eda e innovaci\u00f3n para transformar nuestros territorios y as\u00ed generar una mejor calidad de vida para sus habitantes\u201d<\/em><\/strong>, explic\u00f3&nbsp;<strong>Lorena Santana, Directora Ejecutiva de DO! Smart City.<\/strong><\/p>\n\n\n\n<p>El evento en Puerto Varas espera congregar a diferentes actores presentes en el mundo p\u00fablico, privado, academia y ciudadanos de la regi\u00f3n, para dialogar en torno a las caracter\u00edsticas necesarias para un desarrollo inteligente del territorio.&nbsp;<strong><em>\u201cEsperamos convocar a todo el ecosistema para juntos poder analizar, intercambiar visiones y experiencias y de esta forma trazar una hoja de ruta que permita implementar cambios para los habitantes de la zona\u201d<\/em><\/strong>&nbsp;afirm\u00f3&nbsp;<strong>Santana.<\/strong><\/p>\n\n\n\n<p><strong><br>Evento Internacional<\/strong><\/p>\n\n\n\n<p><strong>\u00abLos Lagos: Visi\u00f3n sostenible\u00bb&nbsp;<\/strong>contempla el desarrollo de un congreso con dos jornadas de ponencias, charlas expositivas, paneles y ruedas de negocios y contar\u00e1 con la presencia de relatores internacionales, nacionales y regionales.<\/p>\n\n\n\n<p><strong><em>\u00abEstamos hablando de un evento \u00fanico en su tipo en nuestra regi\u00f3n que estamos orgullosos de poder apoyar, principalmente porque creemos que el intercambio de visiones, y experiencias entre los actores p\u00fablicos y privados, especialmente con los emprendedores de la regi\u00f3n, permitir\u00e1 avanzar en la coordinaci\u00f3n futura de esfuerzos y proyectos, buscando el desarrollo regional, con soluciones inteligentes, y sobre todo, sostenibles\u00bb,&nbsp;<\/em><\/strong>indic\u00f3 el&nbsp;<strong>director regional de Corfo<\/strong>&nbsp;Los Lagos,&nbsp;<strong>Gabriel P\u00e9rez<\/strong>.<\/p>\n\n\n\n<p>El evento tendr\u00e1 adem\u00e1s una serie de actividades adicionales, como workshops en tem\u00e1ticas como el emprendimiento femenino, y turismo integral e inteligente, entre otras. A ello se sumar\u00e1n dos instancias de networking, en la apertura y el cierre del evento; espacios de exhibici\u00f3n y di\u00e1logo para las empresas y organizaciones que se sumar\u00e1n al evento.<\/p>\n\n\n\n<p>Las inscripciones para participar de \u00abLos Lagos: Visi\u00f3n Sostenible\u00bb se abrir\u00e1n pr\u00f3ximamente. Toda la informaci\u00f3n est\u00e1 disponible en la web&nbsp;<strong><a href=\"http:\/\/www.loslagosvisionsostenible.cl\/\" target=\"_blank\" rel=\"noreferrer noopener\">www.loslagosvisionsostenible.cl<\/a><\/strong><\/p>\n","protected":false},"excerpt":{"rendered":"<p>El pr\u00f3ximo 30 y 31 de agosto se desarrollar\u00e1 \u201cLos Lagos: Visi\u00f3n Sostenible\u201d, iniciativa liderada por DO! Smart City y la direcci\u00f3n regional de Corfo Los Lagos. Esto con el objetivo de articular nuevas iniciativas, proyectos y espacios para el desarrollo de la regi\u00f3n con foco en estrategias de movilidad, turismo inteligente y gesti\u00f3n de residuos.<\/p>\n","protected":false},"author":1,"featured_media":13248,"comment_status":"closed","ping_status":"closed","sticky":false,"template":"","format":"standard","meta":{"footnotes":""},"categories":[3,8,12],"tags":[337,273,132,79,247,133],"class_list":["post-13247","post","type-post","status-publish","format-standard","has-post-thumbnail","hentry","category-al-dia","category-comunas","category-economia","tag-informacion","tag-noticias","tag-osorno","tag-puerto-varas","tag-region-de-los-lagos","tag-semanario-local"],"_links":{"self":[{"href":"https:\/\/www.semanariolocal.cl\/index.php?rest_route=\/wp\/v2\/posts\/13247","targetHints":{"allow":["GET"]}}],"collection":[{"href":"https:\/\/www.semanariolocal.cl\/index.php?rest_route=\/wp\/v2\/posts"}],"about":[{"href":"https:\/\/www.semanariolocal.cl\/index.php?rest_route=\/wp\/v2\/types\/post"}],"author":[{"embeddable":true,"href":"https:\/\/www.semanariolocal.cl\/index.php?rest_route=\/wp\/v2\/users\/1"}],"replies":[{"embeddable":true,"href":"https:\/\/www.semanariolocal.cl\/index.php?rest_route=%2Fwp%2Fv2%2Fcomments&post=13247"}],"version-history":[{"count":1,"href":"https:\/\/www.semanariolocal.cl\/index.php?rest_route=\/wp\/v2\/posts\/13247\/revisions"}],"predecessor-version":[{"id":13249,"href":"https:\/\/www.semanariolocal.cl\/index.php?rest_route=\/wp\/v2\/posts\/13247\/revisions\/13249"}],"wp:featuredmedia":[{"embeddable":true,"href":"https:\/\/www.semanariolocal.cl\/index.php?rest_route=\/wp\/v2\/media\/13248"}],"wp:attachment":[{"href":"https:\/\/www.semanariolocal.cl\/index.php?rest_route=%2Fwp%2Fv2%2Fmedia&parent=13247"}],"wp:term":[{"taxonomy":"category","embeddable":true,"href":"https:\/\/www.semanariolocal.cl\/index.php?rest_route=%2Fwp%2Fv2%2Fcategories&post=13247"},{"taxonomy":"post_tag","embeddable":true,"href":"https:\/\/www.semanariolocal.cl\/index.php?rest_route=%2Fwp%2Fv2%2Ftags&post=13247"}],"curies":[{"name":"wp","href":"https:\/\/api.w.org\/{rel}","templated":true}]}}