{"id":13150,"date":"2023-06-20T06:55:00","date_gmt":"2023-06-20T10:55:00","guid":{"rendered":"https:\/\/www.semanariolocal.cl\/?p=13150"},"modified":"2023-06-20T17:52:00","modified_gmt":"2023-06-20T21:52:00","slug":"libro-desmitifica-el-mindfulness-y-proyecta-su-practica-en-beneficio-del-sistema-de-salud","status":"publish","type":"post","link":"https:\/\/www.semanariolocal.cl\/?p=13150","title":{"rendered":"Libro desmitifica el mindfulness y proyecta su pr\u00e1ctica en beneficio del sistema de salud"},"content":{"rendered":"\n<p>Ante un sistema de salud en constante tensi\u00f3n y presi\u00f3n por la demanda que han generado situaciones como la pandemia y los m\u00e1s recientes cuadros virales estacionarios, surgen tambi\u00e9n enfermedades como el estr\u00e9s y bornout que afectan a los trabajadores del \u00e1rea de la salud, pudiendo resultar en toma de decisiones o diagn\u00f3sticos precipitados, equ\u00edvocos o atentatorios contra la dignidad de los pacientes.<\/p>\n\n\n\n<p>El Prof. Edwin Krogh, m\u00e9dico psiquiatra y acad\u00e9mico de la Facultad de Medicina de la Universidad Austral de Chile, a partir de sus investigaciones y experiencias como creador del programa de Resiliencia Cl\u00ednica \u2014dise\u00f1ado para entrenar a profesionales y estudiantes del \u00e1rea de la salud en la promoci\u00f3n del mindfulnes\u2014 acaba de publicar con Ediciones UACh el libro \u201cMedicina resiliente. Mindfulness y compasi\u00f3n en la pr\u00e1ctica cl\u00ednica\u201d, obra que valida cient\u00edficamente esta pr\u00e1ctica meditativa y de relaci\u00f3n dial\u00f3gica, emp\u00e1tica o de escucha atenta hacia las personas, al confirmar que genera la activaci\u00f3n de circuitos neuronales conectados a otros sistemas como el endocrino y el inmunol\u00f3gico, permitiendo y facilitando la regulaci\u00f3n y control de las emociones, sanando a quien padece de estr\u00e9s y otorgando un bienestar a quien es destinatario de los servicios de esa persona, un campo transversal y extensible a cualquier otra profesi\u00f3n y\/o trabajo, pero particularmente delicado en el \u00e1rea de la salud.<\/p>\n\n\n\n<p>A partir de este an\u00e1lisis, la invitaci\u00f3n que realiza el autor es a mirar las cosas en el trabajo cl\u00ednico desde otra perspectiva, aceptando la realidad radicalmente para transitar a la creaci\u00f3n de nuevas pr\u00e1cticas en salud. Sostiene Edwin Krogh: \u201cEl que podamos trabajar en nosotros mismos para identificar nuestras motivaciones para ser altruistas y comprenderlas, parece ser tan importante como el acto mismo de llevarlas a cabo. Simplemente se trata de tener claro cu\u00e1n cerca o lejos nos encontramos de una compasi\u00f3n genuina. La comprensi\u00f3n honda de qu\u00e9 es compasi\u00f3n y c\u00f3mo el mindfulness puede ser el gran veh\u00edculo que nos lleva hacia ella\u201d.<\/p>\n\n\n\n<p>El t\u00edtulo forma parte de la colecci\u00f3n Austral Universitaria de Ciencias de la Salud de Ediciones UACh, consolidando un desarrollo de las obras vinculadas a las materias de psiquiatr\u00eda y antropolog\u00eda m\u00e9dica a partir de la corriente de pensamiento instaurada en la Facultad de Medicina, desde la d\u00e9cada del setenta, por el profesor y maestro de la psiquiatr\u00eda chilena Fernando Oyarz\u00fan Pe\u00f1a (1924-2022). Su contenido es in\u00e9dito en lengua espa\u00f1ola y se trata de una obra postulada a la editorial en el marco de su proceso de Recepci\u00f3n anual de manuscritos, evaluada por especialistas externos en modalidad doble ciego y aprobada por el Consejo Editorial de Ediciones UACh. Cabe destacar asimismo que su materializaci\u00f3n surge con el apoyo del Ministerio de las Culturas, las Artes y el Patrimonio del Gobierno de Chile mediante un proyecto financiado por el Fondo Nacional de Fomento del Libro y la Lectura, 2022.<\/p>\n\n\n\n<p><strong>Ficha t\u00e9cnica<\/strong><\/p>\n\n\n\n<p>T\u00edtulo: Medicina resiliente<\/p>\n\n\n\n<p>Subt\u00edtulo: Mindfulness y compasi\u00f3n en la pr\u00e1ctica cl\u00ednica<\/p>\n\n\n\n<p>Autor: Edwin Krogh Rivas<\/p>\n\n\n\n<p>Materia: Psiquiatr\u00eda<\/p>\n\n\n\n<p>Colecci\u00f3n: Austral Universitaria de Ciencias de la Salud<\/p>\n\n\n\n<p>P\u00e1ginas: 168<\/p>\n\n\n\n<p>ISBN: 978-956-390-224-2<\/p>\n\n\n\n<p>ISBN digital: 978-956-390-225-9<\/p>\n\n\n\n<p><a href=\"http:\/\/www.edicionesuach.cl\/\" target=\"_blank\" rel=\"noreferrer noopener\">www.edicionesuach.cl<\/a><\/p>\n","protected":false},"excerpt":{"rendered":"<p>La obra del Prof. Edwin Krogh, recientemente publicada por Ediciones UACh, demuestra la validez cient\u00edfica de la pr\u00e1ctica del mindfulness y promueve su aplicaci\u00f3n para aliviar enfermedades como el estr\u00e9s y bornout en el personal m\u00e9dico, renovando y mejorando con ello las pr\u00e1cticas en salud y el bienestar de los pacientes.<\/p>\n","protected":false},"author":1,"featured_media":13153,"comment_status":"closed","ping_status":"closed","sticky":false,"template":"","format":"standard","meta":{"footnotes":""},"categories":[3],"tags":[337,273,132,247,133],"class_list":["post-13150","post","type-post","status-publish","format-standard","has-post-thumbnail","hentry","category-al-dia","tag-informacion","tag-noticias","tag-osorno","tag-region-de-los-lagos","tag-semanario-local"],"_links":{"self":[{"href":"https:\/\/www.semanariolocal.cl\/index.php?rest_route=\/wp\/v2\/posts\/13150","targetHints":{"allow":["GET"]}}],"collection":[{"href":"https:\/\/www.semanariolocal.cl\/index.php?rest_route=\/wp\/v2\/posts"}],"about":[{"href":"https:\/\/www.semanariolocal.cl\/index.php?rest_route=\/wp\/v2\/types\/post"}],"author":[{"embeddable":true,"href":"https:\/\/www.semanariolocal.cl\/index.php?rest_route=\/wp\/v2\/users\/1"}],"replies":[{"embeddable":true,"href":"https:\/\/www.semanariolocal.cl\/index.php?rest_route=%2Fwp%2Fv2%2Fcomments&post=13150"}],"version-history":[{"count":1,"href":"https:\/\/www.semanariolocal.cl\/index.php?rest_route=\/wp\/v2\/posts\/13150\/revisions"}],"predecessor-version":[{"id":13152,"href":"https:\/\/www.semanariolocal.cl\/index.php?rest_route=\/wp\/v2\/posts\/13150\/revisions\/13152"}],"wp:featuredmedia":[{"embeddable":true,"href":"https:\/\/www.semanariolocal.cl\/index.php?rest_route=\/wp\/v2\/media\/13153"}],"wp:attachment":[{"href":"https:\/\/www.semanariolocal.cl\/index.php?rest_route=%2Fwp%2Fv2%2Fmedia&parent=13150"}],"wp:term":[{"taxonomy":"category","embeddable":true,"href":"https:\/\/www.semanariolocal.cl\/index.php?rest_route=%2Fwp%2Fv2%2Fcategories&post=13150"},{"taxonomy":"post_tag","embeddable":true,"href":"https:\/\/www.semanariolocal.cl\/index.php?rest_route=%2Fwp%2Fv2%2Ftags&post=13150"}],"curies":[{"name":"wp","href":"https:\/\/api.w.org\/{rel}","templated":true}]}}