{"id":13147,"date":"2023-06-20T07:05:00","date_gmt":"2023-06-20T11:05:00","guid":{"rendered":"https:\/\/www.semanariolocal.cl\/?p=13147"},"modified":"2023-06-20T17:35:53","modified_gmt":"2023-06-20T21:35:53","slug":"ingreso-irregular-de-aguas-lluvias-y-residuos-solidos-principales-responsables-de-rebalses-en-via-publica","status":"publish","type":"post","link":"https:\/\/www.semanariolocal.cl\/?p=13147","title":{"rendered":"Ingreso irregular de aguas lluvias y residuos s\u00f3lidos principales responsables de rebalses en v\u00eda p\u00fablica"},"content":{"rendered":"\n<p>M\u00e1s de 500 toneladas de basura ha retirado la empresa de agua y saneamiento Suralis durante este a\u00f1o de la red de alcantarillado. Desde toallas higi\u00e9nicas y pa\u00f1ales hasta cabezas de ganado y trozos de colch\u00f3n, residuos que no deber\u00edan botarse en la taza del ba\u00f1o o en las c\u00e1maras que est\u00e1n en la v\u00eda p\u00fablica, ya que provocan obstrucciones y rebalses en las calles. Por esta raz\u00f3n y para concientizar a la comunidad, se lanz\u00f3 el Plan Invierno 2023 con la finalidad de hacer un buen uso de la taza del ba\u00f1o y evitar conectar las bajadas de aguas lluvias a la red del alcantarillado.<\/p>\n\n\n\n<p>La actividad se realiz\u00f3 en el Parque Chuyaca con representantes de distintas juntas de vecinos del sector oriente de la ciudad como Los Notros, Kolbe Bajo y Amengual, quienes vieron el trabajo en terreno que realiza el cami\u00f3n limpia fosas y estuvieron en una charla donde recibieron distintas recomendaciones e informaci\u00f3n importante para transmitir a sus vecinos.<\/p>\n\n\n\n<p>\u201cEsta actividad es muy fruct\u00edfera porque podemos transmitir esta informaci\u00f3n a nuestros vecinos y nos damos cuenta que el cuidado y buen uso del alcantarillado no debe ser s\u00f3lo en el invierno si no que todo el a\u00f1o, porque con eso evitamos problemas de rebalses en las calles que tantas molestias nos provoca, pero que es responsabilidad de todos\u201d, se\u00f1al\u00f3 Lorena Mancilla, presidenta de la Junta de Vecinos Kolbe Bajo.<\/p>\n\n\n\n<p>\u201cLa charla nos dej\u00f3 m\u00e1s que claro que ac\u00e1 hay una responsabilidad de todos si no queremos tener problemas en este invierno y ese es el llamado que tambi\u00e9n hacemos a nuestros vecinos en el buen uso de la red de alcantarillado y no botar residuos s\u00f3lidos en la taza del ba\u00f1o\u201d, destac\u00f3 Antonio Rosas, presidente de la Junta de Vecinos Los Notros.<\/p>\n\n\n\n<p>Desde la empresa de agua y saneamiento destacaron que la entrega de informaci\u00f3n es vital para generar conciencia en las familias y as\u00ed minimizar los efectos negativos que trae el mal uso del alcantarillado \u201cLa cantidad de basura que debemos retirar es impresionante y esto afecta no s\u00f3lo nuestra operaci\u00f3n, tambi\u00e9n provoca problemas a la comunidad, se generan obstrucciones, el sistema colapsa y se producen rebalses de aguas servidas en calles. Lo mismo nos ocurre con el ingreso irregular de las aguas lluvias a nuestro sistema. Por eso con estas acciones, educando a la poblaci\u00f3n y generando trabajo en conjunto con autoridades y sociedad civil, esperamos contribuir al cuidado del medio ambiente que es tarea de todos\u201d resalt\u00f3 Wladimir Gil, subgerente de operaciones de Suralis.<\/p>\n\n\n\n<p>El alcalde de Osorno, Emeterio Carrillo, tambi\u00e9n realiz\u00f3 un llamado a la comunidad para proteger la red de alcantarillado durante este invierno \u201cTodas y todos debemos tener cuidado con nuestro sistema de alcantarillado y ojal\u00e1 la basura quede en recept\u00e1culos que sean seguros y que no puedan ser arrastrados por el viento y la lluvia y as\u00ed proteger los desag\u00fces y alcantarillas y as\u00ed no sufrir trastornos durante este invierno\u201d destac\u00f3 el edil.<\/p>\n\n\n\n<p>Ante emergencias la empresa hizo el llamado para comunicarse inmediatamente al 600 401 4000 y as\u00ed poder responder al requerimiento lo m\u00e1s r\u00e1pido posible. &nbsp;&nbsp;<\/p>\n","protected":false},"excerpt":{"rendered":"<p>En el Parque Chuyaca de Osorno se realiz\u00f3 el lanzamiento del Plan Invierno 2023 donde se entregaron una serie de recomendaciones a los vecinos para hacer un buen uso de la red de alcantarillado. <\/p>\n","protected":false},"author":1,"featured_media":13148,"comment_status":"closed","ping_status":"closed","sticky":false,"template":"","format":"standard","meta":{"footnotes":""},"categories":[3],"tags":[337,273,132,247,133],"class_list":["post-13147","post","type-post","status-publish","format-standard","has-post-thumbnail","hentry","category-al-dia","tag-informacion","tag-noticias","tag-osorno","tag-region-de-los-lagos","tag-semanario-local"],"_links":{"self":[{"href":"https:\/\/www.semanariolocal.cl\/index.php?rest_route=\/wp\/v2\/posts\/13147","targetHints":{"allow":["GET"]}}],"collection":[{"href":"https:\/\/www.semanariolocal.cl\/index.php?rest_route=\/wp\/v2\/posts"}],"about":[{"href":"https:\/\/www.semanariolocal.cl\/index.php?rest_route=\/wp\/v2\/types\/post"}],"author":[{"embeddable":true,"href":"https:\/\/www.semanariolocal.cl\/index.php?rest_route=\/wp\/v2\/users\/1"}],"replies":[{"embeddable":true,"href":"https:\/\/www.semanariolocal.cl\/index.php?rest_route=%2Fwp%2Fv2%2Fcomments&post=13147"}],"version-history":[{"count":1,"href":"https:\/\/www.semanariolocal.cl\/index.php?rest_route=\/wp\/v2\/posts\/13147\/revisions"}],"predecessor-version":[{"id":13149,"href":"https:\/\/www.semanariolocal.cl\/index.php?rest_route=\/wp\/v2\/posts\/13147\/revisions\/13149"}],"wp:featuredmedia":[{"embeddable":true,"href":"https:\/\/www.semanariolocal.cl\/index.php?rest_route=\/wp\/v2\/media\/13148"}],"wp:attachment":[{"href":"https:\/\/www.semanariolocal.cl\/index.php?rest_route=%2Fwp%2Fv2%2Fmedia&parent=13147"}],"wp:term":[{"taxonomy":"category","embeddable":true,"href":"https:\/\/www.semanariolocal.cl\/index.php?rest_route=%2Fwp%2Fv2%2Fcategories&post=13147"},{"taxonomy":"post_tag","embeddable":true,"href":"https:\/\/www.semanariolocal.cl\/index.php?rest_route=%2Fwp%2Fv2%2Ftags&post=13147"}],"curies":[{"name":"wp","href":"https:\/\/api.w.org\/{rel}","templated":true}]}}