{"id":13140,"date":"2023-06-19T23:39:35","date_gmt":"2023-06-20T03:39:35","guid":{"rendered":"https:\/\/www.semanariolocal.cl\/?p=13140"},"modified":"2023-06-19T23:39:36","modified_gmt":"2023-06-20T03:39:36","slug":"mesa-del-consejo-constitucional-se-reunio-con-el-presidente-boric","status":"publish","type":"post","link":"https:\/\/www.semanariolocal.cl\/?p=13140","title":{"rendered":"Mesa del Consejo Constitucional se reuni\u00f3 con el Presidente Boric"},"content":{"rendered":"\n<p>El encuentro de car\u00e1cter protocolar transcurri\u00f3 en un ambiente distendido y permiti\u00f3 abordar el trabajo del Consejo Constitucional. Al respecto,\u00a0<strong>la Presidenta Beatriz Hevia destac\u00f3 que esta reuni\u00f3n, al igual que las que ocurrir\u00e1n con los otros poderes del Estado \u201cpermiten dar una se\u00f1al al pa\u00eds de que juntos estamos trabajando en un proyecto de futuro\u201d<\/strong>.\u00a0 Adem\u00e1s, sobre los avances del Consejo, Hevia relev\u00f3 la capacidad para alcanzar acuerdos entres los distintos representantes como un hecho pisitivo.<\/p>\n\n\n<div class=\"wp-block-image\">\n<figure class=\"alignleft size-large is-resized\"><img loading=\"lazy\" decoding=\"async\" src=\"https:\/\/www.semanariolocal.cl\/wp-content\/uploads\/2023\/06\/hevia3-600x600.jpg\" alt=\"\" class=\"wp-image-13142\" width=\"354\" height=\"354\" srcset=\"https:\/\/www.semanariolocal.cl\/wp-content\/uploads\/2023\/06\/hevia3-600x600.jpg 600w, https:\/\/www.semanariolocal.cl\/wp-content\/uploads\/2023\/06\/hevia3-300x300.jpg 300w, https:\/\/www.semanariolocal.cl\/wp-content\/uploads\/2023\/06\/hevia3-150x150.jpg 150w, https:\/\/www.semanariolocal.cl\/wp-content\/uploads\/2023\/06\/hevia3-768x768.jpg 768w, https:\/\/www.semanariolocal.cl\/wp-content\/uploads\/2023\/06\/hevia3.jpg 1000w\" sizes=\"auto, (max-width: 354px) 100vw, 354px\" \/><\/figure>\n<\/div>\n\n\n<p>A su turno, el vicepresidente, Aldo Valle, junto con destacar que esta visita es una se\u00f1al para destacar que el proyecto \u201ces de todo el pa\u00eds\u201d ,  enfatiz\u00f3 que \u201chemos pedido el mayor apoyo para fortalecer la participaci\u00f3n ciudadana\u201d<strong>, destacando la buena acogida del Presidente Boric con quien pudieron conversar de forma amena y distendida.<\/strong><\/p>\n\n\n\n<p> <\/p>\n","protected":false},"excerpt":{"rendered":"<p>En La Moneda y por m\u00e1s de media hora se reuni\u00f3 el Presidente de la Rep\u00fablica, Gabriel Boric con la Mesa del Consejo Constitucional, integrada por la Presidenta, Beatriz Hevia y el vicepresidente, Aldo Valle.<\/p>\n","protected":false},"author":1,"featured_media":13141,"comment_status":"closed","ping_status":"closed","sticky":false,"template":"","format":"standard","meta":{"footnotes":""},"categories":[3,6],"tags":[337,273,132,247,133],"class_list":["post-13140","post","type-post","status-publish","format-standard","has-post-thumbnail","hentry","category-al-dia","category-politica","tag-informacion","tag-noticias","tag-osorno","tag-region-de-los-lagos","tag-semanario-local"],"_links":{"self":[{"href":"https:\/\/www.semanariolocal.cl\/index.php?rest_route=\/wp\/v2\/posts\/13140","targetHints":{"allow":["GET"]}}],"collection":[{"href":"https:\/\/www.semanariolocal.cl\/index.php?rest_route=\/wp\/v2\/posts"}],"about":[{"href":"https:\/\/www.semanariolocal.cl\/index.php?rest_route=\/wp\/v2\/types\/post"}],"author":[{"embeddable":true,"href":"https:\/\/www.semanariolocal.cl\/index.php?rest_route=\/wp\/v2\/users\/1"}],"replies":[{"embeddable":true,"href":"https:\/\/www.semanariolocal.cl\/index.php?rest_route=%2Fwp%2Fv2%2Fcomments&post=13140"}],"version-history":[{"count":1,"href":"https:\/\/www.semanariolocal.cl\/index.php?rest_route=\/wp\/v2\/posts\/13140\/revisions"}],"predecessor-version":[{"id":13143,"href":"https:\/\/www.semanariolocal.cl\/index.php?rest_route=\/wp\/v2\/posts\/13140\/revisions\/13143"}],"wp:featuredmedia":[{"embeddable":true,"href":"https:\/\/www.semanariolocal.cl\/index.php?rest_route=\/wp\/v2\/media\/13141"}],"wp:attachment":[{"href":"https:\/\/www.semanariolocal.cl\/index.php?rest_route=%2Fwp%2Fv2%2Fmedia&parent=13140"}],"wp:term":[{"taxonomy":"category","embeddable":true,"href":"https:\/\/www.semanariolocal.cl\/index.php?rest_route=%2Fwp%2Fv2%2Fcategories&post=13140"},{"taxonomy":"post_tag","embeddable":true,"href":"https:\/\/www.semanariolocal.cl\/index.php?rest_route=%2Fwp%2Fv2%2Ftags&post=13140"}],"curies":[{"name":"wp","href":"https:\/\/api.w.org\/{rel}","templated":true}]}}