{"id":13136,"date":"2023-06-19T20:30:46","date_gmt":"2023-06-20T00:30:46","guid":{"rendered":"https:\/\/www.semanariolocal.cl\/?p=13136"},"modified":"2023-06-19T20:30:47","modified_gmt":"2023-06-20T00:30:47","slug":"udi-presenta-censura-contra-diputada-catalina-perez-y-envia-antecedentes-a-comision-de-etica","status":"publish","type":"post","link":"https:\/\/www.semanariolocal.cl\/?p=13136","title":{"rendered":"UDI presenta censura contra diputada Catalina P\u00e9rez y env\u00eda antecedentes a comisi\u00f3n de \u00c9tica\u00a0"},"content":{"rendered":"\n<p>Los diputados de la Bancada UDI, Juan Manuel Fuenzalida, Gustavo Benavente y Felipe Donoso, anunciaron que durante esta tarde denunciar\u00e1n ante la comisi\u00f3n de \u00c9tica a la vicepresidenta de la C\u00e1mara Baja, Catalina P\u00e9rez (RD), luego que el fin de semana pasado se informara que el ahora exseremi de Vivienda y Urbanismo de la Regi\u00f3n de Antofagasta, Carlos Contreras -quien renunci\u00f3 una vez que se hizo p\u00fablico el caso-, hab\u00eda otorgado cerca de $426 millones a la Fundaci\u00f3n Democracia Viva, cuyo representante legal, Daniel Andrade, es la actual pareja de la parlamentaria del Frente Amplio, adem\u00e1s de trabajar como asesor en la Subsecretar\u00eda de Defensa desde el 2022.<\/p>\n\n\n\n<p>Al respecto, y a ra\u00edz de la gravedad que reviste el caso, sobre todo considerando que el exseremi tambi\u00e9n se desempe\u00f1\u00f3 como asesor legislativo de la diputada P\u00e9rez durante el per\u00edodo pasado, los parlamentarios gremialistas decidieron enviar a la vicepresidenta a la Comisi\u00f3n de \u00c9tica, se\u00f1alando que \u201ces indispensable que se indaguen los eventuales conflictos de inter\u00e9s que pudieran existir\u201d.<\/p>\n\n\n\n<p>\u201cComo Bancada UDI hemos resuelto denunciar a la diputada Catalina P\u00e9rez ante la comisi\u00f3n de \u00c9tica de la C\u00e1mara Baja, porque al menos los antecedentes que se conocen hasta ahora dan para sospechar que pudo existir un conflicto de inter\u00e9s o un mal uso del cargo para beneficio personal o de terceros. Estamos hablando de la misma persona que, habiendo sido asesor legislativo de la parlamentaria del Frente Amplio, ahora como seremi del Minvu benefici\u00f3 con m\u00e1s de $426 millones a la pareja de la propia diputada, lo que resulta absolutamente grave\u201d, denunciaron los legisladores.<\/p>\n\n\n\n<p>Pero adem\u00e1s, cabe recordar que los diputados Fuenzalida, Benavente y Donoso tambi\u00e9n llamaron a la Fiscal\u00eda Nacional a abrir una investigaci\u00f3n por los eventuales delitos que pudieran existir, adem\u00e1s de solicitar a la Subsecretar\u00eda de Defensa que desvincule como asesor a la pareja de la parlamentaria.<\/p>\n\n\n\n<p>En esa l\u00ednea, aseguraron que el requerimiento ante la Contralor\u00eda General de la Rep\u00fablica que ingres\u00f3 la propia diputada P\u00e9rez es \u201ctotalmente insuficiente\u201d, manifestando que \u201cno basta con que la parlamentaria del FA presente una denuncia y su amigo renuncie como seremi, sino que ac\u00e1 se debe investigar hasta las \u00faltimas consecuencias, incluso si los hechos revisten el car\u00e1cter de delito\u201d.<\/p>\n\n\n\n<p>\u201cNo nos olvidemos que fueron estas mismas autoridades las que hicieron g\u00e1rgaras con los pitutos, con el mal uso de recursos p\u00fablicos y el nepotismo, pero fueron los primeros en apoderarse del Estado para beneficio personal, no s\u00f3lo contratando a cuanto amigo y pariente existiera, sino que incluso favoreci\u00e9ndoles con recursos que les pertenecen a los chilenos. Por eso denunciaremos a la diputada Catalina P\u00e9rez ante la comisi\u00f3n de \u00c9tica y hemos solicitado a la Fiscal\u00eda Nacional abrir una investigaci\u00f3n penal en este caso, porque ser\u00eda realmente absurdo creer que no hay nada extra\u00f1o detr\u00e1s de estos millonarios contratos\u201d, reiteraron los diputados Fuenzalida, Benavente y Donoso.<\/p>\n","protected":false},"excerpt":{"rendered":"<p>Juan Manuel Fuenzalida y Felipe Donoso solicitar\u00e1n que la parlamentaria deje su cargo como vicepresidenta, luego que se conociera que el seremi Minvu de Antofagasta -quien renunci\u00f3 tras conocerse el caso- benefici\u00f3 con m\u00e1s de $426 millones al actual pololo de la legisladora. <\/p>\n","protected":false},"author":1,"featured_media":13137,"comment_status":"closed","ping_status":"closed","sticky":false,"template":"","format":"standard","meta":{"footnotes":""},"categories":[3,6],"tags":[337,273,132,247,133,52],"class_list":["post-13136","post","type-post","status-publish","format-standard","has-post-thumbnail","hentry","category-al-dia","category-politica","tag-informacion","tag-noticias","tag-osorno","tag-region-de-los-lagos","tag-semanario-local","tag-udi"],"_links":{"self":[{"href":"https:\/\/www.semanariolocal.cl\/index.php?rest_route=\/wp\/v2\/posts\/13136","targetHints":{"allow":["GET"]}}],"collection":[{"href":"https:\/\/www.semanariolocal.cl\/index.php?rest_route=\/wp\/v2\/posts"}],"about":[{"href":"https:\/\/www.semanariolocal.cl\/index.php?rest_route=\/wp\/v2\/types\/post"}],"author":[{"embeddable":true,"href":"https:\/\/www.semanariolocal.cl\/index.php?rest_route=\/wp\/v2\/users\/1"}],"replies":[{"embeddable":true,"href":"https:\/\/www.semanariolocal.cl\/index.php?rest_route=%2Fwp%2Fv2%2Fcomments&post=13136"}],"version-history":[{"count":1,"href":"https:\/\/www.semanariolocal.cl\/index.php?rest_route=\/wp\/v2\/posts\/13136\/revisions"}],"predecessor-version":[{"id":13138,"href":"https:\/\/www.semanariolocal.cl\/index.php?rest_route=\/wp\/v2\/posts\/13136\/revisions\/13138"}],"wp:featuredmedia":[{"embeddable":true,"href":"https:\/\/www.semanariolocal.cl\/index.php?rest_route=\/wp\/v2\/media\/13137"}],"wp:attachment":[{"href":"https:\/\/www.semanariolocal.cl\/index.php?rest_route=%2Fwp%2Fv2%2Fmedia&parent=13136"}],"wp:term":[{"taxonomy":"category","embeddable":true,"href":"https:\/\/www.semanariolocal.cl\/index.php?rest_route=%2Fwp%2Fv2%2Fcategories&post=13136"},{"taxonomy":"post_tag","embeddable":true,"href":"https:\/\/www.semanariolocal.cl\/index.php?rest_route=%2Fwp%2Fv2%2Ftags&post=13136"}],"curies":[{"name":"wp","href":"https:\/\/api.w.org\/{rel}","templated":true}]}}