{"id":13133,"date":"2023-06-19T08:00:00","date_gmt":"2023-06-19T12:00:00","guid":{"rendered":"https:\/\/www.semanariolocal.cl\/?p=13133"},"modified":"2023-06-19T20:25:23","modified_gmt":"2023-06-20T00:25:23","slug":"provincial-de-educacion-lanzo-proyecto-para-la-reactivacion-educativa-en-osorno","status":"publish","type":"post","link":"https:\/\/www.semanariolocal.cl\/?p=13133","title":{"rendered":"Provincial de Educaci\u00f3n lanz\u00f3 proyecto para la reactivaci\u00f3n educativa en Osorno"},"content":{"rendered":"\n<p>Seg\u00fan Carolina Silva supervisora t\u00e9cnico -pedag\u00f3gica de Educaci\u00f3n Media del Departamento Provincial de educaci\u00f3n, este proyecto consiste en desarrollar con las unidades t\u00e9cnicas y profesores de Lengua y literatura de II medio\u00a0 de estos\u00a0 establecimientos, instancias de fortalecimiento sustentado en la colaboraci\u00f3n y el intercambio de experiencias en torno a la implementaci\u00f3n de sus\u00a0 estrategias de evaluaci\u00f3n formativa y retroalimentaci\u00f3n de aprendizajes,\u00a0 ya que se considera que el\u00a0 fortalecer estas experiencias aportar\u00eda a la mejora de\u00a0 pr\u00e1cticas\u00a0 de aula siendo\u00a0 consistentes con lo explicitado en el\u00a0 decreto 67 de evaluaci\u00f3n y con el eje de \u201cFortalecimiento y activaci\u00f3n de aprendizaje \u201c que es parte del Plan Nacional de reactivaci\u00f3n educativa.<\/p>\n\n\n\n<p>Jeannete Altamirano, jefa de la unidad t\u00e9cnica pedag\u00f3gica del Colegio de Riachuelo de R\u00edo Negro valor\u00f3 que en el marco de la reactivaci\u00f3n educativa, este proyecto apunta directamente al trabajo colaborativo entre las unidades t\u00e9cnicas para entre todos potenciar y aprender de las experiencias del otro y lograr el aprendizaje de los estudiantes.<\/p>\n\n\n\n<p>El director provincial de Educaci\u00f3n Giovanni Aravena explic\u00f3 que esta iniciativa fue presentada al \u00e1rea de Liderazgo y Gesti\u00f3n para la Mejora Educativa de la de la Divisi\u00f3n de Educaci\u00f3n General, de la Subsecretar\u00eda de Educaci\u00f3n; siendo el \u00fanico proyecto adjudicado en la regi\u00f3n, y que forma parte activa en la tarea de avanzar en los ejes que impulsa el Ministerio de Educaci\u00f3n en su estrategia de la Reactivaci\u00f3n educativa y que en su eje \u201cFortalecimiento y activaci\u00f3n de aprendizaje \u201cpropone impulsar acciones que permitan avanzar en el logro de aprendizajes de nuestros estudiantes, siendo fundamental la implementaci\u00f3n de estrategias de evaluaciones formativa y de retroalimentaci\u00f3n que aporten a dicho prop\u00f3sito.<\/p>\n\n\n\n<p>Aravena agreg\u00f3 que el Ministerio de Educaci\u00f3n busca&nbsp; avanzar decididamente en la reactivaci\u00f3n educativa en todos sus niveles y un ejemplo de ello fue la entrega hace unos d\u00edas de materiales del proyecto de acompa\u00f1amiento y sistema de alerta temprana (SAAT) por $3 millones, en el Liceo Manuel Baquedano de Osorno, que se adjudic\u00f3 recursos para financiar diferentes actividades de participaci\u00f3n y formaci\u00f3n para estudiantes y profesores, con el objetivo de contribuir en la formaci\u00f3n integral de estudiantes de la educaci\u00f3n de adultos.<\/p>\n","protected":false},"excerpt":{"rendered":"<p>El proyecto \u201cColaborando fortalecemos nuestra cultura evaluativa \u201ces una  propuesta de acompa\u00f1amiento ministerial generada a nivel provincial por el equipo de supervisores de ense\u00f1anza media del Deprov  Osorno, para fortalecer la cultura evaluativa de 12 establecimientos de E. Media, municipales y particulares subvencionados  de la provincia, que han presentado bajos resultados de aprendizaje en lectura en los estudiantes de I medio  de acuerdo al reporte de cierre  DIA 2022 ( diagn\u00f3stico integral de aprendizajes) .<\/p>\n","protected":false},"author":1,"featured_media":13134,"comment_status":"closed","ping_status":"closed","sticky":false,"template":"","format":"standard","meta":{"footnotes":""},"categories":[11],"tags":[337,273,132,247,133],"class_list":["post-13133","post","type-post","status-publish","format-standard","has-post-thumbnail","hentry","category-educacion","tag-informacion","tag-noticias","tag-osorno","tag-region-de-los-lagos","tag-semanario-local"],"_links":{"self":[{"href":"https:\/\/www.semanariolocal.cl\/index.php?rest_route=\/wp\/v2\/posts\/13133","targetHints":{"allow":["GET"]}}],"collection":[{"href":"https:\/\/www.semanariolocal.cl\/index.php?rest_route=\/wp\/v2\/posts"}],"about":[{"href":"https:\/\/www.semanariolocal.cl\/index.php?rest_route=\/wp\/v2\/types\/post"}],"author":[{"embeddable":true,"href":"https:\/\/www.semanariolocal.cl\/index.php?rest_route=\/wp\/v2\/users\/1"}],"replies":[{"embeddable":true,"href":"https:\/\/www.semanariolocal.cl\/index.php?rest_route=%2Fwp%2Fv2%2Fcomments&post=13133"}],"version-history":[{"count":1,"href":"https:\/\/www.semanariolocal.cl\/index.php?rest_route=\/wp\/v2\/posts\/13133\/revisions"}],"predecessor-version":[{"id":13135,"href":"https:\/\/www.semanariolocal.cl\/index.php?rest_route=\/wp\/v2\/posts\/13133\/revisions\/13135"}],"wp:featuredmedia":[{"embeddable":true,"href":"https:\/\/www.semanariolocal.cl\/index.php?rest_route=\/wp\/v2\/media\/13134"}],"wp:attachment":[{"href":"https:\/\/www.semanariolocal.cl\/index.php?rest_route=%2Fwp%2Fv2%2Fmedia&parent=13133"}],"wp:term":[{"taxonomy":"category","embeddable":true,"href":"https:\/\/www.semanariolocal.cl\/index.php?rest_route=%2Fwp%2Fv2%2Fcategories&post=13133"},{"taxonomy":"post_tag","embeddable":true,"href":"https:\/\/www.semanariolocal.cl\/index.php?rest_route=%2Fwp%2Fv2%2Ftags&post=13133"}],"curies":[{"name":"wp","href":"https:\/\/api.w.org\/{rel}","templated":true}]}}