{"id":13127,"date":"2023-06-19T20:08:21","date_gmt":"2023-06-20T00:08:21","guid":{"rendered":"https:\/\/www.semanariolocal.cl\/?p=13127"},"modified":"2023-06-19T20:08:22","modified_gmt":"2023-06-20T00:08:22","slug":"instalan-nuevo-vacunatorio-municipal-en-pleno-centro-de-osorno","status":"publish","type":"post","link":"https:\/\/www.semanariolocal.cl\/?p=13127","title":{"rendered":"Instalan nuevo vacunatorio municipal en pleno centro de Osorno"},"content":{"rendered":"\n<p>La instancia dispuesta por el municipio &nbsp;en pleno centro de Osorno tiene como objetivo reforzar la campa\u00f1a de inmunizaci\u00f3n contra estas enfermedades en los grupos de riesgo como adultos mayores, embarazadas y enfermos cr\u00f3nicos.<\/p>\n\n\n\n<p>Este espacio funciona de lunes a jueves, de 09:00 a 12:30 horas y de 14:00 a 16:00 horas, y el d\u00eda viernes, de 09:00 a 14:00 horas, y est\u00e1 a cargo de un equipo compuesto por 3 T\u00e9cnicos en Enfermer\u00eda y 1 Enfermera, del CESFAM Doctor Marcelo Lopetegui, dependiente del Departamento de Salud Municipal de Osorno.<\/p>\n\n\n\n<p>Durante el acto de lanzamiento de este nuevo recinto de vacunaci\u00f3n, el alcalde Emeterio Carrillo manifest\u00f3 la importancia de aumentar la cifra de inmunizados en la ciudad, \u201cya que, de acuerdo a los datos procesados hasta la semana pasada, s\u00f3lo el 55,9% de adultos mayores y el 34,8% de embarazadas se ha inoculado, lo que incluso est\u00e1 bajo el promedio nacional, a lo que hay que a\u00f1adir que la vacunaci\u00f3n Bivalente contra el Covid-19 alcanza apenas el 21,7%\u201d.<\/p>\n\n\n\n<p>Por eso, se habilit\u00f3 este lugar, donde pueden acudir personas de la tercera edad a contar de los 65 a\u00f1os, enfermos cr\u00f3nicos, ni\u00f1os de 3 a 10 a\u00f1os y embarazadas y, en el caso de la dosis contra el Covid-19, pueden inmunizarse todos quienes tengan desde 3 a\u00f1os en adelante.<\/p>\n\n\n\n<p>En esta actividad tambi\u00e9n particip\u00f3 el Director Subrogante del Servicio de Salud Osorno, H\u00e9ctor Alarc\u00f3n, quien destac\u00f3 la eficacia que poseen las vacunas, \u201cya que est\u00e1 comprobado que salvan vidas, al disminuir la ocurrencia de complicaciones graves ocasionadas por enfermedades respiratorias, lo que hoy resulta clave ya que, a nivel nacional, se registra un aumento en las consultas m\u00e9dicas de este tipo\u201d.<\/p>\n\n\n\n<p>Cabe destacar que este proceso de inmunizaci\u00f3n contin\u00faa realiz\u00e1ndose en los Vacunatorios de los CESFAM de la comuna, inform\u00e1ndose, adem\u00e1s, que la inoculaci\u00f3n a los ni\u00f1os que cursan hasta quinto b\u00e1sico est\u00e1 concluyendo en sus respectivos colegios.<\/p>\n","protected":false},"excerpt":{"rendered":"<p>En dependencias de la Oficina de Turismo, en Plaza de Armas, atiende el nuevo Vacunatorio Municipal Contra la Influenza y el Covid-19<\/p>\n","protected":false},"author":1,"featured_media":13128,"comment_status":"closed","ping_status":"closed","sticky":false,"template":"","format":"standard","meta":{"footnotes":""},"categories":[3],"tags":[337,1115,273,132,247,133],"class_list":["post-13127","post","type-post","status-publish","format-standard","has-post-thumbnail","hentry","category-al-dia","tag-informacion","tag-municipalidad","tag-noticias","tag-osorno","tag-region-de-los-lagos","tag-semanario-local"],"_links":{"self":[{"href":"https:\/\/www.semanariolocal.cl\/index.php?rest_route=\/wp\/v2\/posts\/13127","targetHints":{"allow":["GET"]}}],"collection":[{"href":"https:\/\/www.semanariolocal.cl\/index.php?rest_route=\/wp\/v2\/posts"}],"about":[{"href":"https:\/\/www.semanariolocal.cl\/index.php?rest_route=\/wp\/v2\/types\/post"}],"author":[{"embeddable":true,"href":"https:\/\/www.semanariolocal.cl\/index.php?rest_route=\/wp\/v2\/users\/1"}],"replies":[{"embeddable":true,"href":"https:\/\/www.semanariolocal.cl\/index.php?rest_route=%2Fwp%2Fv2%2Fcomments&post=13127"}],"version-history":[{"count":1,"href":"https:\/\/www.semanariolocal.cl\/index.php?rest_route=\/wp\/v2\/posts\/13127\/revisions"}],"predecessor-version":[{"id":13129,"href":"https:\/\/www.semanariolocal.cl\/index.php?rest_route=\/wp\/v2\/posts\/13127\/revisions\/13129"}],"wp:featuredmedia":[{"embeddable":true,"href":"https:\/\/www.semanariolocal.cl\/index.php?rest_route=\/wp\/v2\/media\/13128"}],"wp:attachment":[{"href":"https:\/\/www.semanariolocal.cl\/index.php?rest_route=%2Fwp%2Fv2%2Fmedia&parent=13127"}],"wp:term":[{"taxonomy":"category","embeddable":true,"href":"https:\/\/www.semanariolocal.cl\/index.php?rest_route=%2Fwp%2Fv2%2Fcategories&post=13127"},{"taxonomy":"post_tag","embeddable":true,"href":"https:\/\/www.semanariolocal.cl\/index.php?rest_route=%2Fwp%2Fv2%2Ftags&post=13127"}],"curies":[{"name":"wp","href":"https:\/\/api.w.org\/{rel}","templated":true}]}}