{"id":13124,"date":"2023-06-19T20:02:39","date_gmt":"2023-06-20T00:02:39","guid":{"rendered":"https:\/\/www.semanariolocal.cl\/?p=13124"},"modified":"2023-06-19T20:02:40","modified_gmt":"2023-06-20T00:02:40","slug":"diputado-eduardo-cornejo-llamo-a-apoyar-la-legitima-defensa-en-ley-de-usurpaciones","status":"publish","type":"post","link":"https:\/\/www.semanariolocal.cl\/?p=13124","title":{"rendered":"Diputado Eduardo Cornejo llam\u00f3 a apoyar la leg\u00edtima defensa en ley de usurpaciones"},"content":{"rendered":"\n<p>El diputado por la Regi\u00f3n de O\u2019Higgins, Eduardo Cornejo (UDI), llam\u00f3 al resto de los parlamentarios -en especial a los de su zona- a respetar el \u201cesp\u00edritu\u201d del proyecto que busca perfeccionar la Ley de Usurpaciones, luego que el Gobierno y distintos integrantes de la comisi\u00f3n de Seguridad Ciudadana decidieran presentar una serie de indicaciones que, a su juicio, atentar\u00edan contra los derechos y facultades que buscan otorgarles a los propietarios de los inmuebles que se encuentran tomados.<\/p>\n\n\n\n<p>Al respecto, el parlamentario de la regi\u00f3n de O\u2019Higgins record\u00f3 que fue a principios de mayo cuando el Senado despach\u00f3 a segundo tr\u00e1mite dicha iniciativa, estableciendo -en l\u00edneas generales- sanciones m\u00e1s severas contra quienes se apoderen de una propiedad utilizando la violencia, adem\u00e1s de facilitar la restituci\u00f3n anticipada de los inmuebles y extender el per\u00edodo de flagrancia, que en definitiva permite mantener dicho estado durante todo el tiempo en que una casa o un terreno se mantenga tomado.<\/p>\n\n\n\n<p>Sin embargo, durante la tramitaci\u00f3n del proyecto en dicha comisi\u00f3n, Eduardo Cornejo advirti\u00f3 que \u201cse han presentado un conjunto de indicaciones que atentar\u00edan con el esp\u00edritu de lo que aprob\u00f3 el Senado\u201d, denunciando que \u201cel Gobierno y algunos diputados quieren eliminar, entre otras cosas, la ampliaci\u00f3n del per\u00edodo de flagrancia y el derecho a la leg\u00edtima defensa de los propietarios\u201d.<\/p>\n\n\n\n<p>\u201cEl Congreso ha debatido durante varios a\u00f1os el mejoramiento de la Ley de Usurpaciones, y ahora que por fin tenemos un avance importante en materia legislativa, el Gobierno y un grupo de parlamentarios est\u00e1n empecinados en que este proyecto no avance. Y lo han hecho presentando una serie de indicaciones que lo \u00fanico que har\u00e1n es quitarles facultades a los due\u00f1os de inmuebles tomados y a las polic\u00edas, lo que nos parece absolutamente grave\u201d, cuestion\u00f3 el diputado Cornejo.<\/p>\n\n\n\n<p>En esa l\u00ednea, Cornejo explic\u00f3 que la extensi\u00f3n de la flagrancia durante todo el per\u00edodo que dure la usurpaci\u00f3n \u201ces una herramienta que permitir\u00e1 enfrentar de manera m\u00e1s eficaz a quienes se han tomado un inmueble, permitiendo a las polic\u00edas actuar de forma m\u00e1s r\u00e1pida\u201d, mientras que en el caso del derecho a la leg\u00edtima defensa cuando se emplee la violencia durante la toma de una propiedad, el representante de O\u2019Higgins asegur\u00f3 que \u201cesto es algo que nos han pedido todos los habitantes de nuestra zona, porque es una garant\u00eda para ellos en caso de sufrir este delito\u201d.<\/p>\n\n\n\n<p>Por lo mismo, y junto con insistir en que el proyecto se apruebe \u201cen los mismos t\u00e9rminos que lo hizo el Senado\u201d, el diputado Cornejo llam\u00f3 al resto de los parlamentarios \u201ca legislar pensando en las reales preocupaciones e intereses que tienen los chilenos\u201d, recordando que las modificaciones que se proponen a la Ley de Usurpaciones tambi\u00e9n servir\u00e1n para enfrentar los loteos irregulares o brujos que se producen a lo largo del pa\u00eds, sobre todo en las regiones que tienen una mayor superficie rural.<\/p>\n","protected":false},"excerpt":{"rendered":"<p>El parlamentario de la regi\u00f3n de O\u2019Higgins pidi\u00f3 respetar \u201cesp\u00edritu\u201d del proyecto y el derecho de la v\u00edctima. \u201cEl Gobierno y el oficialismo buscan modificar radicalmente la iniciativa y eso no est\u00e1 bien. Es una se\u00f1al muy mala, que perjudicar\u00e1 a los propietarios y favorecer\u00e1 a los que cometen el delito\u201d, se\u00f1al\u00f3.<\/p>\n","protected":false},"author":1,"featured_media":13125,"comment_status":"closed","ping_status":"closed","sticky":false,"template":"","format":"standard","meta":{"footnotes":""},"categories":[3],"tags":[337,273,132,247,133],"class_list":["post-13124","post","type-post","status-publish","format-standard","has-post-thumbnail","hentry","category-al-dia","tag-informacion","tag-noticias","tag-osorno","tag-region-de-los-lagos","tag-semanario-local"],"_links":{"self":[{"href":"https:\/\/www.semanariolocal.cl\/index.php?rest_route=\/wp\/v2\/posts\/13124","targetHints":{"allow":["GET"]}}],"collection":[{"href":"https:\/\/www.semanariolocal.cl\/index.php?rest_route=\/wp\/v2\/posts"}],"about":[{"href":"https:\/\/www.semanariolocal.cl\/index.php?rest_route=\/wp\/v2\/types\/post"}],"author":[{"embeddable":true,"href":"https:\/\/www.semanariolocal.cl\/index.php?rest_route=\/wp\/v2\/users\/1"}],"replies":[{"embeddable":true,"href":"https:\/\/www.semanariolocal.cl\/index.php?rest_route=%2Fwp%2Fv2%2Fcomments&post=13124"}],"version-history":[{"count":1,"href":"https:\/\/www.semanariolocal.cl\/index.php?rest_route=\/wp\/v2\/posts\/13124\/revisions"}],"predecessor-version":[{"id":13126,"href":"https:\/\/www.semanariolocal.cl\/index.php?rest_route=\/wp\/v2\/posts\/13124\/revisions\/13126"}],"wp:featuredmedia":[{"embeddable":true,"href":"https:\/\/www.semanariolocal.cl\/index.php?rest_route=\/wp\/v2\/media\/13125"}],"wp:attachment":[{"href":"https:\/\/www.semanariolocal.cl\/index.php?rest_route=%2Fwp%2Fv2%2Fmedia&parent=13124"}],"wp:term":[{"taxonomy":"category","embeddable":true,"href":"https:\/\/www.semanariolocal.cl\/index.php?rest_route=%2Fwp%2Fv2%2Fcategories&post=13124"},{"taxonomy":"post_tag","embeddable":true,"href":"https:\/\/www.semanariolocal.cl\/index.php?rest_route=%2Fwp%2Fv2%2Ftags&post=13124"}],"curies":[{"name":"wp","href":"https:\/\/api.w.org\/{rel}","templated":true}]}}