{"id":13018,"date":"2023-06-11T09:25:00","date_gmt":"2023-06-11T13:25:00","guid":{"rendered":"https:\/\/www.semanariolocal.cl\/?p=13018"},"modified":"2023-06-13T11:29:23","modified_gmt":"2023-06-13T15:29:23","slug":"seremi-de-agricultura-de-la-region-de-los-rios-valoro-la-labor-del-inia","status":"publish","type":"post","link":"https:\/\/www.semanariolocal.cl\/?p=13018","title":{"rendered":"Seremi de Agricultura de la Regi\u00f3n de Los R\u00edos valor\u00f3 la labor del INIA\u00a0"},"content":{"rendered":"\n<p>Luego de encabezar reuniones de trabajo y realizar una visita por las instalaciones del Centro Regional de Investigaci\u00f3n INIA Remehue, el seremi de Agricultura de la Regi\u00f3n de Los R\u00edos, Jorge S\u00e1nchez, dijo que es \u201cimportante valorar la labor que realiza el INIA en pos de la seguridad alimentaria, en temas prioritarios para la regi\u00f3n\u201d.<\/p>\n\n\n\n<p>Junto con revisar los avances de los Programas Adaptaci\u00f3n al cambio clim\u00e1tico y Transferencia mejoramiento del acceso a la semilla, infraestructura y comercializaci\u00f3n de papa para zonas rezagadas, que cuentan con el apoyo del Gobierno Regional, la autoridad del agro se reuni\u00f3 con los investigadores para programar nuevas acciones. \u201cEstamos proyectando actividades para mejorar la competitividad en base a la innovaci\u00f3n, desarrollo y transferencia tecnol\u00f3gica, que es uno de los grandes lineamientos del Programa de Gobierno en el \u00e1mbito agropecuario en el que el INIA est\u00e1 aportando de manera firme y decidida\u201d.<\/p>\n\n\n\n<p>Tambi\u00e9n dijo que el INIA est\u00e1 colaborando en la Estrategia Nacional de Soberan\u00eda para la Seguridad Alimentaria. \u201cEn conjunto, estamos ayudando a los productores de leche de la regi\u00f3n a enfrentar los problemas que nos ha generado el cambio clim\u00e1tico. Hace unos d\u00edas visit\u00e9 una unidad mostrativa en la que se est\u00e1 viendo c\u00f3mo incrementar la producci\u00f3n de forraje y mejorar su calidad a trav\u00e9s de un manejo agron\u00f3mico adecuado y tambi\u00e9n incorporando especies m\u00e1s resistentes al d\u00e9ficit h\u00eddrico\u201d, sostuvo.<\/p>\n\n\n\n<p>\u201cTambi\u00e9n estamos presentando proyectos al Gobierno Regional para apoyar a los productores quesos artesanales de la regi\u00f3n y a los liceos t\u00e9cnicos\u201d, indic\u00f3.<\/p>\n\n\n\n<p>En la ganader\u00eda de carne bovina, el seremi resalt\u00f3 que \u201cel INIA acaba de firmar con la cooperativa Coopcarne de la Regi\u00f3n de Los R\u00edos un convenio para avanzar hacia una ganader\u00eda sostenible y desarrollar nuevos prototipos c\u00e1rnicos\u201d.<\/p>\n\n\n\n<p>\u201cTambi\u00e9n estamos contribuyendo a la producci\u00f3n ovina,&nbsp;de&nbsp;hortalizas y papa, en este \u00faltimo rubro mejorando el acceso a semilla de calidad y de actividades de capacitaci\u00f3n y transferencia tecnol\u00f3gica. Y ahora esperamos seguir avanzando con el sector privado y con el apoyo de nuestro Ministerio y del Gobierno Regional\u201d, afirm\u00f3.<\/p>\n\n\n\n<p><strong>AFC y pueblos originarios<\/strong><\/p>\n\n\n\n<p>Jorge S\u00e1nchez, indic\u00f3 que \u201cadicionalmente a todo lo anterior, el Gobierno Regional y tambi\u00e9n el Presidente de la Rep\u00fablica, Gabriel Boric, a trav\u00e9s del Ministro Esteban Valenzuela, nos han mandatado a poner un especial \u00e9nfasis en la Agricultura Familiar Campesina, el desarrollo rural y tambi\u00e9n los pueblos originarios, por lo que tenemos consideradas nuevas propuestas que nos ayuden a potenciar el trabajo que estamos realizando\u201d.<\/p>\n","protected":false},"excerpt":{"rendered":"<p> \u201cEs importante valorar la labor que realiza el INIA en pos de la seguridad alimentaria, en temas prioritarios para la regi\u00f3n\u201d, se\u00f1al\u00f3 el seremi de Agricultura de la Regi\u00f3n de Los R\u00edos, Jorge S\u00e1nchez<\/p>\n","protected":false},"author":1,"featured_media":13019,"comment_status":"closed","ping_status":"closed","sticky":false,"template":"","format":"standard","meta":{"footnotes":""},"categories":[3],"tags":[],"class_list":["post-13018","post","type-post","status-publish","format-standard","has-post-thumbnail","hentry","category-al-dia"],"_links":{"self":[{"href":"https:\/\/www.semanariolocal.cl\/index.php?rest_route=\/wp\/v2\/posts\/13018","targetHints":{"allow":["GET"]}}],"collection":[{"href":"https:\/\/www.semanariolocal.cl\/index.php?rest_route=\/wp\/v2\/posts"}],"about":[{"href":"https:\/\/www.semanariolocal.cl\/index.php?rest_route=\/wp\/v2\/types\/post"}],"author":[{"embeddable":true,"href":"https:\/\/www.semanariolocal.cl\/index.php?rest_route=\/wp\/v2\/users\/1"}],"replies":[{"embeddable":true,"href":"https:\/\/www.semanariolocal.cl\/index.php?rest_route=%2Fwp%2Fv2%2Fcomments&post=13018"}],"version-history":[{"count":1,"href":"https:\/\/www.semanariolocal.cl\/index.php?rest_route=\/wp\/v2\/posts\/13018\/revisions"}],"predecessor-version":[{"id":13020,"href":"https:\/\/www.semanariolocal.cl\/index.php?rest_route=\/wp\/v2\/posts\/13018\/revisions\/13020"}],"wp:featuredmedia":[{"embeddable":true,"href":"https:\/\/www.semanariolocal.cl\/index.php?rest_route=\/wp\/v2\/media\/13019"}],"wp:attachment":[{"href":"https:\/\/www.semanariolocal.cl\/index.php?rest_route=%2Fwp%2Fv2%2Fmedia&parent=13018"}],"wp:term":[{"taxonomy":"category","embeddable":true,"href":"https:\/\/www.semanariolocal.cl\/index.php?rest_route=%2Fwp%2Fv2%2Fcategories&post=13018"},{"taxonomy":"post_tag","embeddable":true,"href":"https:\/\/www.semanariolocal.cl\/index.php?rest_route=%2Fwp%2Fv2%2Ftags&post=13018"}],"curies":[{"name":"wp","href":"https:\/\/api.w.org\/{rel}","templated":true}]}}