{"id":13015,"date":"2023-06-11T08:15:00","date_gmt":"2023-06-11T12:15:00","guid":{"rendered":"https:\/\/www.semanariolocal.cl\/?p=13015"},"modified":"2023-06-13T11:24:49","modified_gmt":"2023-06-13T15:24:49","slug":"educacion-realizan-dialogos-sobre-responsabilidad-vial-y-participacion-inclusiva","status":"publish","type":"post","link":"https:\/\/www.semanariolocal.cl\/?p=13015","title":{"rendered":"Educaci\u00f3n: Realizan di\u00e1logos sobre responsabilidad  vial y participaci\u00f3n inclusiva"},"content":{"rendered":"\n<p>En la actividad expuso Benjam\u00edn Silva Torrealba, vicepresidente Ejecutivo Fundaci\u00f3n Emilia y participaron el director del departamento provincial de educaci\u00f3n, Giovani Aravena, la encargada t\u00e9cnico pedag\u00f3gica de la Subsecretaria de Educaci\u00f3n Parvularia de la Seremi de Educaci\u00f3n en la Regi\u00f3n de Los Lagos, Paola Higueras, el jefe t\u00e9cnico del departamento provincial de Osorno, Luis Ceballo, asesores t\u00e9cnicos pedag\u00f3gicos, junto a padres, madres, padres y apoderados, de Fundaci\u00f3n Integra, Junji, Vtf,&nbsp; y de las comunidades educativas de la provincia de Osorno.<\/p>\n\n\n\n<p>El objetivo de la actividad fue sensibilizar a los padres, madres, apoderados, adultos significativos y comunidad educativa en general, respecto a la importancia de la Educaci\u00f3n Vial, desde una ciudadan\u00eda comprometida y responsable de su comportamiento en los diversos espacios de interacci\u00f3n con otros, desde una construcci\u00f3n participativa e inclusiva.<\/p>\n\n\n\n<p>El director provincial de Educaci\u00f3n de Osorno, Giovani Aravena valor\u00f3 que este tipo de instancias participativas son fundamentales para comprometernos y anteponer nuevos h\u00e1bitos de seguridad responsable, por el bienestar de nuestros ni\u00f1os y ni\u00f1as y el bienestar de nuestra comunidad.<\/p>\n\n\n\n<p>Para Natacha Guzm\u00e1n monitora de arte de los programas CECI de los Jardines alternativos de Junji en la provincia de Osorno, la participaci\u00f3n en este di\u00e1logo reflexivo permiti\u00f3 tener m\u00e1s conocimientos y herramientas para poder entreg\u00e1rselas a los equipos educativos sobre todo en los sectores rurales, donde la educaci\u00f3n vial no es de acceso diario para las familias.<\/p>\n\n\n\n<p>Paola Higueras Sandoval, <a>encargada t\u00e9cnico pedag\u00f3gica de la Subsecretaria de Educaci\u00f3n Parvularia de la Seremi de Educaci\u00f3n de la Regi\u00f3n de Los Lagos<\/a>, esta actividad forma parte del trabajo articulado que se ha estado desarrollando con la Direcci\u00f3n Provincial de Educaci\u00f3n de Osorno y su equipo de supervisores, respecto a la educaci\u00f3n vial desde la formaci\u00f3n ciudadana junto a ni\u00f1os, ni\u00f1as y j\u00f3venes y en esta ocasi\u00f3n;&nbsp; padres, madres y apoderados de diferentes establecimientos educacionales, &nbsp;en una alianza colaborativa de trabajo socializado y realizado en diferentes provincias de la Regi\u00f3n.<\/p>\n\n\n\n<p>Benjam\u00edn Silva presidente ejecutivo de Fundaci\u00f3n Emilia, se\u00f1al\u00f3 que desde la entrada en vigencia de la Ley Emilia en 2014 y&nbsp; que estableci\u00f3&nbsp; sanciones m\u00e1s duras a qui\u00e9nes manejen en estado de ebriedad y provoquen un accidente, al a\u00f1o 2022&nbsp; han disminuido en un 68% los fallecidos por manejar en estado de ebriedad. En el caso de la provincia de Osorno se dieron a conocer datos registrados entre los a\u00f1os 2018 y 2023, como por ejemplo; &nbsp;las cinco principales causas de siniestros viales, lideradas por una conducci\u00f3n no atenta a las condiciones del tr\u00e1nsito (693) y seguidas por conducci\u00f3n en estado de ebriedad ( 444), exceso de velocidad (282), por una conducci\u00f3n sin mantener la distancia razonable (108) y por no respetar el disco pare (212). En tanto; en el mismo per\u00edodo resultaron 95 fallecidos por violencia vial, 554 lesionados grav\u00edsimos, muertos y lesionados grav\u00edsimos 649 y del c\u00edrculo cercano afectado 5358 personas. Silva concluy\u00f3 que estas instancias promueven la informaci\u00f3n hacia la ciudadan\u00eda e invit\u00f3 a los establecimientos educativos a visitar las redes sociales de esta fundaci\u00f3n y a conectarse v\u00eda online o<\/p>\n","protected":false},"excerpt":{"rendered":"<p>En un Di\u00e1logo T\u00e9cnico Reflexivo, realizado este jueves en la Direcci\u00f3n Provincial de Osorno,  la Fundaci\u00f3n Emilia, que promueve una cultura vial responsable y acompa\u00f1a a las v\u00edctimas de siniestros y delitos viales, expuso ante padres y apoderados de Junji, Integra, Vtf y establecimientos de b\u00e1sica y media de la provincia, sobre la importancia de la Educaci\u00f3n Vial en el contexto de la Semana de la Seguridad Escolar y Educaci\u00f3n Parvularia 2023<\/p>\n","protected":false},"author":1,"featured_media":13016,"comment_status":"closed","ping_status":"closed","sticky":false,"template":"","format":"standard","meta":{"footnotes":""},"categories":[3],"tags":[],"class_list":["post-13015","post","type-post","status-publish","format-standard","has-post-thumbnail","hentry","category-al-dia"],"_links":{"self":[{"href":"https:\/\/www.semanariolocal.cl\/index.php?rest_route=\/wp\/v2\/posts\/13015","targetHints":{"allow":["GET"]}}],"collection":[{"href":"https:\/\/www.semanariolocal.cl\/index.php?rest_route=\/wp\/v2\/posts"}],"about":[{"href":"https:\/\/www.semanariolocal.cl\/index.php?rest_route=\/wp\/v2\/types\/post"}],"author":[{"embeddable":true,"href":"https:\/\/www.semanariolocal.cl\/index.php?rest_route=\/wp\/v2\/users\/1"}],"replies":[{"embeddable":true,"href":"https:\/\/www.semanariolocal.cl\/index.php?rest_route=%2Fwp%2Fv2%2Fcomments&post=13015"}],"version-history":[{"count":1,"href":"https:\/\/www.semanariolocal.cl\/index.php?rest_route=\/wp\/v2\/posts\/13015\/revisions"}],"predecessor-version":[{"id":13017,"href":"https:\/\/www.semanariolocal.cl\/index.php?rest_route=\/wp\/v2\/posts\/13015\/revisions\/13017"}],"wp:featuredmedia":[{"embeddable":true,"href":"https:\/\/www.semanariolocal.cl\/index.php?rest_route=\/wp\/v2\/media\/13016"}],"wp:attachment":[{"href":"https:\/\/www.semanariolocal.cl\/index.php?rest_route=%2Fwp%2Fv2%2Fmedia&parent=13015"}],"wp:term":[{"taxonomy":"category","embeddable":true,"href":"https:\/\/www.semanariolocal.cl\/index.php?rest_route=%2Fwp%2Fv2%2Fcategories&post=13015"},{"taxonomy":"post_tag","embeddable":true,"href":"https:\/\/www.semanariolocal.cl\/index.php?rest_route=%2Fwp%2Fv2%2Ftags&post=13015"}],"curies":[{"name":"wp","href":"https:\/\/api.w.org\/{rel}","templated":true}]}}