{"id":12969,"date":"2023-06-12T21:11:40","date_gmt":"2023-06-13T01:11:40","guid":{"rendered":"https:\/\/www.semanariolocal.cl\/?p=12969"},"modified":"2023-06-12T21:11:41","modified_gmt":"2023-06-13T01:11:41","slug":"participacion-ciudadana-resulta-esencial-para-la-legitimacion-del-proceso-constitucional","status":"publish","type":"post","link":"https:\/\/www.semanariolocal.cl\/?p=12969","title":{"rendered":"Participaci\u00f3n ciudadana resulta \u201cesencial para la legitimaci\u00f3n\u201d del Proceso Constitucional"},"content":{"rendered":"\n<p>\u201cTodos comprendemos que la participaci\u00f3n ciudadana es esencial para la legitimaci\u00f3n social del&nbsp;<strong>Proceso Constitucional<\/strong>\u201d. As\u00ed parti\u00f3 diciendo la Rectora de la Universidad de Chile,&nbsp;<strong>Rosa Dev\u00e9s<\/strong>, en la primera reuni\u00f3n del Pleno que abri\u00f3 su sesi\u00f3n, concentrado en la Participaci\u00f3n Ciudadana.<\/p>\n\n\n\n<p>Esta primera sesi\u00f3n, encabezada por la\u00a0<strong>Presidenta del Consejo Constitucional, Beatriz Hevia y el Vicerpresidente, Aldo Valle<\/strong>, estuvo marcada por la exposici\u00f3n de la Secretar\u00eda de Participaci\u00f3n Ciudadana (SCP), encargada de incentivar a que chilenos y chilenas entreguen sus propuestas e ideas para la redacci\u00f3n de la pr\u00f3xima Constituci\u00f3n.<\/p>\n\n\n\n<p>A nombre de la SCP (integrada por las universidades de Chile, Cat\u00f3lica, regionales acreditadas y organizaciones de la sociedad civil), la Rectora Dev\u00e9s, adem\u00e1s de plantear la legitimidad social que aporta la participaci\u00f3n, destac\u00f3 que el principal desaf\u00edo \u201c<strong>es movilizar y facilitar la expresi\u00f3n (\u2026). Trabajaremos sin descanso por este objetivo<\/strong>\u201d.<\/p>\n\n\n\n<p>Mientras, el Rector de la Universidad Cat\u00f3lica, Ignacio S\u00e1nchez, complement\u00f3 que existe mucho inter\u00e9s por parte de la Secretar\u00eda de Participaci\u00f3n de visitar las comunidades regionales \u201cporque\u00a0<strong>creemos que all\u00ed es extremadamente importante el trabajo que se va a realizar y nuestra presencia<\/strong>\u00a0va a mostrar el compromiso que tenemos en este proceso\u201d.<\/p>\n\n\n\n<p><strong>Cuatro mecanismos<\/strong><\/p>\n\n\n\n<p>Adem\u00e1s, ante el plenario, expusieron&nbsp;<strong>los secretarios ejecutivos de la SPC, Ignacio Irarr\u00e1zaval (PUC) y Claudio Troncoso (UCH)<\/strong>; este \u00faltimo, precis\u00f3 que el objetivo ha sido es recoger \u201cy facilitar oportunamente la voz de la ciudadan\u00eda\u201d, junto con \u201cfavorecer las condiciones para que esta sea considerada en el debate constitucional\u201d. Y a rengl\u00f3n seguido, explic\u00f3 los cuatro mecanismos para incentivar la participaci\u00f3n:<\/p>\n\n\n\n<ul class=\"wp-block-list\">\n<li><strong>Audiencias P\u00fablicas<\/strong>: se extender\u00e1n por 10 minutos y en ellas, quien lo desee podr\u00e1 expresar su opini\u00f3n sobre el anteproyecto de nueva Constituci\u00f3n. Los resultados ser\u00e1n sistematizados y entregados al Consejo.<\/li>\n\n\n\n<li><strong>Iniciativas Populares de Norma<\/strong>: los ciudadanos podr\u00e1n sugerir, eliminar, agregar o modificar las propuestas del anteproyecto. \u201cUna vez que sean admitidas a tr\u00e1mite, se abrir\u00e1 un plazo hasta el 5 de julio para reunir 10 mil firmas por iniciativa y en tal caso ser\u00e1n entregadas al Consejo\u201d, se\u00f1al\u00f3 Troncoso.<\/li>\n<\/ul>\n\n\n\n<p>En la misma l\u00ednea, Ignacio Irarr\u00e1zaval se refiri\u00f3 a los di\u00e1logos:<\/p>\n\n\n\n<ul class=\"wp-block-list\">\n<li><strong>Di\u00e1logos Ciudadanos<\/strong>, autoconvocados y convocados: \u201clos primeros ser\u00e1n presenciales o por videollamada en grupos peque\u00f1os. Los segundos consistir\u00e1n en que mil personas participen y comenten el anteproyecto. Har\u00e1n observaciones, comentarios o plantear\u00e1n sus aprensiones\u201d.<\/li>\n\n\n\n<li><strong>Consultas ciudadanas<\/strong>: \u201cestas ser\u00e1n encuestas digitales que se responder\u00e1n a trav\u00e9s de un link radicado en: secretar\u00edadeparticipaci\u00f3n.cl o quieroparticipar.cl\u201d.<\/li>\n<\/ul>\n\n\n\n<p>Estos cuatro mecanismos, dijo Irarr\u00e1zaval, han sido revisados por facilitadores interculturales para hacer una adaptaci\u00f3n con el fin de que \u201clos pueblos originarios se sientan bienvenidos a participar\u201d en los cuatro mecanismos.<\/p>\n\n\n\n<p><strong>Las dudas de los consejeros<\/strong><\/p>\n\n\n\n<p>Tras las exposiciones de la SPC hubo consultas de los consejeros. En representaci\u00f3n de la bancada RD-Pueblos Originarios,&nbsp;<strong>Julio \u00d1anco<\/strong>&nbsp;relev\u00f3 los di\u00e1logos autoconvocados como mecanismo para que se involucren los consejeros. A su vez,&nbsp;<strong>Pilar Cuevas<\/strong>&nbsp;(RN-Ev\u00f3poli) pregunt\u00f3 de qu\u00e9 forma se llegar\u00e1 en las regiones y c\u00f3mo participar\u00e1n los municipios. En la misma l\u00ednea, desde el PR,&nbsp;<strong>Miguel Rojas<\/strong>&nbsp;apunt\u00f3 la importancia de llegar a todos los rincones del pa\u00eds, con \u00e9nfasis en \u201clos colegios rurales\u201d, indic\u00f3. Mientras que&nbsp;<strong>Nancy M\u00e1rquez<\/strong>&nbsp;(CS), consult\u00f3 sobre si exist\u00eda un mecanismo para la participaci\u00f3n de ni\u00f1os (as) y adolescentes.<\/p>\n\n\n\n<p>Sobre las regiones, el rector S\u00e1nchez aclar\u00f3 que las universidades regionales ser\u00e1n claves y que se involucren los municipios. Respecto de los pueblos originarios, Rosa Dev\u00e9s explic\u00f3 que \u201c<strong>los m\u00e9todos de an\u00e1lisis de estos di\u00e1logos y consultas son sofisticados y permiten rescatar la opini\u00f3n, espec\u00edficamente, de ellos<\/strong>\u201d.<\/p>\n\n\n\n<p>El rector S\u00e1nchez se hizo cargo de la inquietud de algunos comisionados en cuanto a la divulgaci\u00f3n del anteproyecto y subray\u00f3 que habr\u00eda que poner un pie en el acelerador en este trabajo. Mientras que, optimista, la rectora Dev\u00e9s, dijo que \u201c<strong>el hecho de que este proceso sea m\u00e1s estructurado que el anterior, da mayor posibilidad de incidencia de lo que era con la p\u00e1gina en blanco<\/strong>\u201d.<\/p>\n\n\n\n<p>El&nbsp;<strong>Mes de la Participaci\u00f3n Ciudadana<\/strong>&nbsp;se extender\u00e1 hasta el 7 de julio y, luego, el Consejo recibir\u00e1 un informe con las propuestas y planteamientos realizados por la ciudadan\u00eda.<\/p>\n","protected":false},"excerpt":{"rendered":"<p>Cuatro mecanismos de participaci\u00f3n ciudadana buscan acerca a la comunidad a este nuevo proceso constitucional y garantizar as\u00ed la participaci\u00f3n activa de la ciudadan\u00eda en el proceso.<\/p>\n","protected":false},"author":1,"featured_media":12970,"comment_status":"closed","ping_status":"closed","sticky":false,"template":"","format":"standard","meta":{"footnotes":""},"categories":[3,6],"tags":[337,273,132,247,133],"class_list":["post-12969","post","type-post","status-publish","format-standard","has-post-thumbnail","hentry","category-al-dia","category-politica","tag-informacion","tag-noticias","tag-osorno","tag-region-de-los-lagos","tag-semanario-local"],"_links":{"self":[{"href":"https:\/\/www.semanariolocal.cl\/index.php?rest_route=\/wp\/v2\/posts\/12969","targetHints":{"allow":["GET"]}}],"collection":[{"href":"https:\/\/www.semanariolocal.cl\/index.php?rest_route=\/wp\/v2\/posts"}],"about":[{"href":"https:\/\/www.semanariolocal.cl\/index.php?rest_route=\/wp\/v2\/types\/post"}],"author":[{"embeddable":true,"href":"https:\/\/www.semanariolocal.cl\/index.php?rest_route=\/wp\/v2\/users\/1"}],"replies":[{"embeddable":true,"href":"https:\/\/www.semanariolocal.cl\/index.php?rest_route=%2Fwp%2Fv2%2Fcomments&post=12969"}],"version-history":[{"count":1,"href":"https:\/\/www.semanariolocal.cl\/index.php?rest_route=\/wp\/v2\/posts\/12969\/revisions"}],"predecessor-version":[{"id":12971,"href":"https:\/\/www.semanariolocal.cl\/index.php?rest_route=\/wp\/v2\/posts\/12969\/revisions\/12971"}],"wp:featuredmedia":[{"embeddable":true,"href":"https:\/\/www.semanariolocal.cl\/index.php?rest_route=\/wp\/v2\/media\/12970"}],"wp:attachment":[{"href":"https:\/\/www.semanariolocal.cl\/index.php?rest_route=%2Fwp%2Fv2%2Fmedia&parent=12969"}],"wp:term":[{"taxonomy":"category","embeddable":true,"href":"https:\/\/www.semanariolocal.cl\/index.php?rest_route=%2Fwp%2Fv2%2Fcategories&post=12969"},{"taxonomy":"post_tag","embeddable":true,"href":"https:\/\/www.semanariolocal.cl\/index.php?rest_route=%2Fwp%2Fv2%2Ftags&post=12969"}],"curies":[{"name":"wp","href":"https:\/\/api.w.org\/{rel}","templated":true}]}}