{"id":12966,"date":"2023-06-12T20:58:44","date_gmt":"2023-06-13T00:58:44","guid":{"rendered":"https:\/\/www.semanariolocal.cl\/?p=12966"},"modified":"2023-06-12T20:58:45","modified_gmt":"2023-06-13T00:58:45","slug":"camara-aprueba-chao-historico-para-borrar-registro-de-deudas-prescritas-de-mas-de-5-anos","status":"publish","type":"post","link":"https:\/\/www.semanariolocal.cl\/?p=12966","title":{"rendered":"C\u00e1mara aprueba \u201cChao Hist\u00f3rico\u201d para borrar registro de deudas prescritas de m\u00e1s de 5 a\u00f1os"},"content":{"rendered":"\n<p>La Sala de la C\u00e1mara de Diputadas y Diputados aprob\u00f3 las indicaciones del proyecto conocido como \u201cDerecho al olvido financiero\u201d, despach\u00e1ndolo al Senado despu\u00e9s de 9 meses de su ingreso al Hemiciclo. La iniciativa, presentada por el diputado PS Daniel Manouchehri junto a un grupo transversal de parlamentarios, plantea borrar los registros de deudas de m\u00e1s de 5 a\u00f1os, prescritas o pagadas, que son conservadas en registros hist\u00f3ricos por las entidades financieras. Adem\u00e1s, ordena multas en caso de infringir esta normativa.<\/p>\n\n\n\n<p>Su autor, Daniel Manouchehri, valor\u00f3 el avance y pr\u00f3xima tramitaci\u00f3n del proyecto en el Senado. \u201cCon este proyecto vamos a favorecer a millones de personas, se acaban las listas negras, se acaba el abuso. Estaremos atentos al lobby del poder en el Senado, que no nos cabe duda que buscar\u00e1n meterle letra chica\u201d, se\u00f1al\u00f3.<\/p>\n\n\n\n<p>Respecto al proyecto, tambi\u00e9n conocido como \u201cChao Hist\u00f3rico\u201d, el legislador socialista recalc\u00f3 que \u201choy los delincuentes pueden borrar sus antecedentes penales, pero alguien por una deuda de 20 mil pesos hace una d\u00e9cada termina condenado a ser discriminado de por vida por el sistema financiero, debido a que \u00e9ste puede guardar registros hist\u00f3ricos, listas negras de deudores, a pesar de que las acciones para perseguir el cobro de las mismas hayan prescrito hace muchos a\u00f1os\u201d.<\/p>\n\n\n\n<p>\u201cEste proyecto se hace cargo de dos temas esenciales de la modernidad: El endeudamiento y el tr\u00e1fico de datos. Este proyecto es respaldado con mucha fuerza por las Pymes, fue parte del acuerdo del Gobierno con las peque\u00f1as y medianas empresas, a prop\u00f3sito del salario m\u00ednimo. Restringir la cantidad de datos que tienen las entidades financieras sobre los ciudadanos favorece a la gente y le resta poder a la banca\u201d, destac\u00f3 el parlamentario de la Regi\u00f3n de Coquimbo.<\/p>\n\n\n\n<p>La subjefa de bancada, Ana Mar\u00eda Bravo, junto con apuntar a que el Senado agilice el tr\u00e1mite de esta iniciativa en beneficio de Pymes y emprendedores, indic\u00f3 que \u201cen estos momentos de dificultades econ\u00f3micas es cuando m\u00e1s el aparato del Estado tiene que apoyar a las familias y a las personas para poder reactivar la econom\u00eda\u201d.<\/p>\n\n\n\n<p>Por su parte, la diputada del PS Daniella Cicardini, tambi\u00e9n coautora del proyecto, expres\u00f3 que el \u2018Chao Hist\u00f3rico\u2019 \u201csignifica un alivio, un respiro y desahogo para millones de chilenos y chilenas. Estas listas oscuras, negras que finalmente lo \u00fanico que hacen es seguir apuntando con el dedo a personas que por distintas razones han quedado con ciertas deudas y que no se pueden seguir arrastrando durante muchos a\u00f1os.\u201d<\/p>\n\n\n\n<p>El diputado socialista Daniel Melo, sostuvo que \u201cel \u2018Chao Hist\u00f3rico\u2019 le pone una verdadera muralla al tr\u00e1fico de datos que utilizan las entidades financieras y los bancos. Esta es una segunda oportunidad para las personas y tambi\u00e9n para las pymes, para poder emprender y acceder a cr\u00e9ditos\u201d.<\/p>\n\n\n\n<p>Por \u00faltimo, el diputado Leonardo Soto (PS) recalc\u00f3 que \u201ccreemos que las personas tienen derecho a una segunda oportunidad y este proyecto lo hace, obliga a este sistema financiero a eliminar las deudas de m\u00e1s de cinco a\u00f1os que es la fecha de prescripci\u00f3n de cualquier deuda\u201d.<\/p>\n","protected":false},"excerpt":{"rendered":"<p>\u201cCon este proyecto vamos a favorecer a millones de personas, se acaban las listas negras y se acaba el abuso\u201d, valor\u00f3 el socialista Daniel Manouchehri, autor de la iniciativa.<\/p>\n","protected":false},"author":1,"featured_media":12967,"comment_status":"closed","ping_status":"closed","sticky":false,"template":"","format":"standard","meta":{"footnotes":""},"categories":[3,6],"tags":[248,337,249,273,132,247,133],"class_list":["post-12966","post","type-post","status-publish","format-standard","has-post-thumbnail","hentry","category-al-dia","category-politica","tag-daniel-manouchehri","tag-informacion","tag-manouchehri","tag-noticias","tag-osorno","tag-region-de-los-lagos","tag-semanario-local"],"_links":{"self":[{"href":"https:\/\/www.semanariolocal.cl\/index.php?rest_route=\/wp\/v2\/posts\/12966","targetHints":{"allow":["GET"]}}],"collection":[{"href":"https:\/\/www.semanariolocal.cl\/index.php?rest_route=\/wp\/v2\/posts"}],"about":[{"href":"https:\/\/www.semanariolocal.cl\/index.php?rest_route=\/wp\/v2\/types\/post"}],"author":[{"embeddable":true,"href":"https:\/\/www.semanariolocal.cl\/index.php?rest_route=\/wp\/v2\/users\/1"}],"replies":[{"embeddable":true,"href":"https:\/\/www.semanariolocal.cl\/index.php?rest_route=%2Fwp%2Fv2%2Fcomments&post=12966"}],"version-history":[{"count":1,"href":"https:\/\/www.semanariolocal.cl\/index.php?rest_route=\/wp\/v2\/posts\/12966\/revisions"}],"predecessor-version":[{"id":12968,"href":"https:\/\/www.semanariolocal.cl\/index.php?rest_route=\/wp\/v2\/posts\/12966\/revisions\/12968"}],"wp:featuredmedia":[{"embeddable":true,"href":"https:\/\/www.semanariolocal.cl\/index.php?rest_route=\/wp\/v2\/media\/12967"}],"wp:attachment":[{"href":"https:\/\/www.semanariolocal.cl\/index.php?rest_route=%2Fwp%2Fv2%2Fmedia&parent=12966"}],"wp:term":[{"taxonomy":"category","embeddable":true,"href":"https:\/\/www.semanariolocal.cl\/index.php?rest_route=%2Fwp%2Fv2%2Fcategories&post=12966"},{"taxonomy":"post_tag","embeddable":true,"href":"https:\/\/www.semanariolocal.cl\/index.php?rest_route=%2Fwp%2Fv2%2Ftags&post=12966"}],"curies":[{"name":"wp","href":"https:\/\/api.w.org\/{rel}","templated":true}]}}