{"id":12963,"date":"2023-06-12T10:55:00","date_gmt":"2023-06-12T14:55:00","guid":{"rendered":"https:\/\/www.semanariolocal.cl\/?p=12963"},"modified":"2023-06-12T11:37:49","modified_gmt":"2023-06-12T15:37:49","slug":"indespa-abre-fondo-regional-por-800-millones-para-financiar-acuicultura-de-pequena-escala","status":"publish","type":"post","link":"https:\/\/www.semanariolocal.cl\/?p=12963","title":{"rendered":"Indespa abre fondo regional por 800 millones para financiar Acuicultura de Peque\u00f1a Escala"},"content":{"rendered":"\n<p>Hasta el 27 de junio pr\u00f3ximo las y los acuicultores de peque\u00f1a escala de la regi\u00f3n de Los Lagos podr\u00e1n postular al fondo de apoyo por 800 millones de pesos del Instituto Nacional de Desarrollo Sustentable de la Pesca Artesanal y de la Acuicultura de Peque\u00f1a Escala, Indespa, destinado a financiar desde insumos biol\u00f3gicos (semillas) hasta infraestructura y embarcaciones para esta actividad productiva.<\/p>\n\n\n\n<p>En su visita a la regi\u00f3n, el&nbsp;<strong>director ejecutivo de Indespa, Leonardo Llanos Huerta<\/strong>, se reuni\u00f3 con peque\u00f1os y peque\u00f1a acuicultoras de Huito, en la comuna de Calbuco, a quienes junto a las profesionales de Indespa, Claudia Puebla y Mariela Guzm\u00e1n, expuso los detalles de esta convocatoria y los recursos contemplados este a\u00f1o por Indespa para la regi\u00f3n.<\/p>\n\n\n\n<p><strong>\u201cEn acuicultura de peque\u00f1a escala estamos destinando mil millones de pesos para un concurso especial, 200 de ellos para el sector pelillero (concurso en julio pr\u00f3ximo) y 800 millones para otros recursos hidrobiol\u00f3gicos. Queremos fomentar y dinamizar la acuicultura de peque\u00f1a escala a nivel regional, porque es sustentable y porque impulsa el desarrollo econ\u00f3mico de un sin n\u00famero importante de comunidades costeras en la regi\u00f3n de Los Lagos\u201d<\/strong>, precis\u00f3 la autoridad, se\u00f1alando que a nivel nacional el Instituto destin\u00f3 este a\u00f1o tres mil millones para esta actividad con llamados durante este mes, adem\u00e1s de Los Lagos, para las regiones de la macrozona norte y centro sur austral.<\/p>\n\n\n\n<p><strong>Cobertura<\/strong><\/p>\n\n\n\n<p>Esta convocatoria, de car\u00e1cter regional, est\u00e1 dirigida a personas naturales y jur\u00eddicas, y a organizaciones de pescadores y pescadoras artesanales con inscripci\u00f3n vigente&nbsp; en el registro nacional de acuicultura de peque\u00f1a escala a cargo del Servicio Nacional de Pesca y Acuicultura, Sernapesca.<\/p>\n\n\n\n<p>La iniciativa contempla recursos en cinco \u00e1reas que van desde la compra o reposici\u00f3n de estructuras y equipamiento para el desarrollo o mecanizaci\u00f3n de la acuicultura de peque\u00f1a escala; adquisici\u00f3n de embarcaciones y motores para apoyo de faenas en centros de cultivo; insumos o materiales para la construcci\u00f3n de plataformas o sistemas de cultivo, insumos biol\u00f3gicos, como, por ejemplo, semillas de mit\u00edlidos, y cualquier otro equipamiento, estructura o insumo necesarios para la implementaci\u00f3n o el desarrollo de esta actividad.&nbsp;&nbsp;&nbsp; \u00b4&nbsp;&nbsp;<\/p>\n\n\n\n<p>La regi\u00f3n de Los Lagos representa cerca del 36 por ciento del registro pesquero artesanal nacional y un 80 por ciento del registro de acuicultura de peque\u00f1a escala.&nbsp;<strong>\u201cComo Instituto estamos desarrollando un financiamiento especial en focalizaci\u00f3n a la regi\u00f3n de Los Lagos, un 23% del presupuesto nacional (cerca de 2.200 millones) estamos destinando en concursos de financiamiento para la regi\u00f3n de Los Lagos, tanto en pesca como en acuicultura de peque\u00f1a escala. Como Indespa tenemos la misi\u00f3n de fomentar el desarrollo de la pesca artesanal y de la acuicultura de peque\u00f1a escala\u201d,<\/strong>&nbsp;subray\u00f3 Leonardo Llanos.<\/p>\n\n\n\n<p>Junto con la difusi\u00f3n en Huito, el equipo t\u00e9cnico de Indespa se reuni\u00f3 con peque\u00f1os acuicultores y acuicultoras de Cocham\u00f3 y Puerto Montt para dar a conocer esta convocatoria. En los pr\u00f3ximos d\u00edas continuar\u00e1n estas citas de modo virtual.<\/p>\n\n\n\n<p>Las bases de concurso est\u00e1n disponibles en&nbsp;<a href=\"http:\/\/www.indespa.cl\/\" target=\"_blank\" rel=\"noreferrer noopener\">www.indespa.cl<\/a>. Para consultas o dudas&nbsp; puede escribir a&nbsp;<a href=\"mailto:apeloslagos2023@indespa.cl\" target=\"_blank\" rel=\"noreferrer noopener\">apeloslagos2023@indespa.cl<\/a>&nbsp;o llamar a los tel\u00e9fonos 32 3254652 &nbsp;&#8211; 56 9 89509486.<\/p>\n","protected":false},"excerpt":{"rendered":"<p>La regi\u00f3n de Los Lagos representa un 80 por ciento del registro de acuicultura de peque\u00f1a escala, con cerca de mil cien titulares.<\/p>\n","protected":false},"author":1,"featured_media":12964,"comment_status":"closed","ping_status":"closed","sticky":false,"template":"","format":"standard","meta":{"footnotes":""},"categories":[12],"tags":[521,1953,337,273,132,247,133],"class_list":["post-12963","post","type-post","status-publish","format-standard","has-post-thumbnail","hentry","category-economia","tag-acuicultura","tag-indespa","tag-informacion","tag-noticias","tag-osorno","tag-region-de-los-lagos","tag-semanario-local"],"_links":{"self":[{"href":"https:\/\/www.semanariolocal.cl\/index.php?rest_route=\/wp\/v2\/posts\/12963","targetHints":{"allow":["GET"]}}],"collection":[{"href":"https:\/\/www.semanariolocal.cl\/index.php?rest_route=\/wp\/v2\/posts"}],"about":[{"href":"https:\/\/www.semanariolocal.cl\/index.php?rest_route=\/wp\/v2\/types\/post"}],"author":[{"embeddable":true,"href":"https:\/\/www.semanariolocal.cl\/index.php?rest_route=\/wp\/v2\/users\/1"}],"replies":[{"embeddable":true,"href":"https:\/\/www.semanariolocal.cl\/index.php?rest_route=%2Fwp%2Fv2%2Fcomments&post=12963"}],"version-history":[{"count":1,"href":"https:\/\/www.semanariolocal.cl\/index.php?rest_route=\/wp\/v2\/posts\/12963\/revisions"}],"predecessor-version":[{"id":12965,"href":"https:\/\/www.semanariolocal.cl\/index.php?rest_route=\/wp\/v2\/posts\/12963\/revisions\/12965"}],"wp:featuredmedia":[{"embeddable":true,"href":"https:\/\/www.semanariolocal.cl\/index.php?rest_route=\/wp\/v2\/media\/12964"}],"wp:attachment":[{"href":"https:\/\/www.semanariolocal.cl\/index.php?rest_route=%2Fwp%2Fv2%2Fmedia&parent=12963"}],"wp:term":[{"taxonomy":"category","embeddable":true,"href":"https:\/\/www.semanariolocal.cl\/index.php?rest_route=%2Fwp%2Fv2%2Fcategories&post=12963"},{"taxonomy":"post_tag","embeddable":true,"href":"https:\/\/www.semanariolocal.cl\/index.php?rest_route=%2Fwp%2Fv2%2Ftags&post=12963"}],"curies":[{"name":"wp","href":"https:\/\/api.w.org\/{rel}","templated":true}]}}