{"id":12959,"date":"2023-06-12T11:00:00","date_gmt":"2023-06-12T15:00:00","guid":{"rendered":"https:\/\/www.semanariolocal.cl\/?p=12959"},"modified":"2023-06-12T11:46:19","modified_gmt":"2023-06-12T15:46:19","slug":"diputados-udi-toha-no-puede-calificar-de-error-negligencia-que-costo-la-vida-a-un-lactante","status":"publish","type":"post","link":"https:\/\/www.semanariolocal.cl\/?p=12959","title":{"rendered":"Diputados UDI: \u201cToh\u00e1 no puede calificar de error negligencia que cost\u00f3 la vida a un lactante\u201d"},"content":{"rendered":"\n<p>En duros t\u00e9rminos reaccionaron el jefe de bancada de los diputados UDI, Guillermo Ram\u00edrez, junto a los miembros de la comisi\u00f3n de Salud, Marta Bravo y Daniel Lilay\u00fa, a las declaraciones de la ministra del Interior, Carolina Toh\u00e1, quien calific\u00f3 de un \u201cerror\u201d el no haber contactado a la Cl\u00ednica Las Condes en caso del lactante fallecido en San Antonio por enfermedades respiratorias.<\/p>\n\n\n\n<p>Los legisladores calificaron de \u201cinaceptables las explicaciones para la familia del menor que las autoridades de gobierno hablen de error, cuando por una negligencia inexcusable su hijo haya muerto por la incapacidad de los encargados de velar por la salud de la poblaci\u00f3n\u201d.<\/p>\n\n\n<div class=\"wp-block-image\">\n<figure class=\"alignleft size-large is-resized\"><img loading=\"lazy\" decoding=\"async\" src=\"https:\/\/www.semanariolocal.cl\/wp-content\/uploads\/2023\/06\/udi2-516x600.jpg\" alt=\"\" class=\"wp-image-12961\" width=\"405\" height=\"471\" srcset=\"https:\/\/www.semanariolocal.cl\/wp-content\/uploads\/2023\/06\/udi2-516x600.jpg 516w, https:\/\/www.semanariolocal.cl\/wp-content\/uploads\/2023\/06\/udi2-258x300.jpg 258w, https:\/\/www.semanariolocal.cl\/wp-content\/uploads\/2023\/06\/udi2-768x894.jpg 768w, https:\/\/www.semanariolocal.cl\/wp-content\/uploads\/2023\/06\/udi2.jpg 800w\" sizes=\"auto, (max-width: 405px) 100vw, 405px\" \/><\/figure>\n<\/div>\n\n\n<p>\u201cEstas declaraciones son vergonzosas y demuestran la falta de autocr\u00edtica y una forma poco honesta de defender lo indefendible\u201d, aseguraron Ram\u00edrez, Bravo y Lilay\u00fa.<\/p>\n\n\n\n<p><br>Sin ir m\u00e1s lejos, los parlamentarios indicaron que en cualquier democracia consolidada \u201cla muerte de un lactante por una negligencia de esta naturaleza, le cuesta el puesto a las m\u00e1ximas autoridades de salud. Pero en Chile se enciende la responsabilidad escindi\u00e9ndola en un error\u00bb.<\/p>\n\n\n\n<p>Finalmente, Ram\u00edrez, Bravo y Lilay\u00fa pidieron decir \u201clas cosas como son. Hubo una muerte por negligencia y \u00e9sto lo debe asumir el Presidente Boric, que el fin de semana habla de que la rebeld\u00eda puede ser parte del gobierno. Y lo que le pedimos es que esa rebeld\u00eda la destine a salvar vidas y no a defender&nbsp;lo&nbsp;indefendible\u201d.<\/p>\n","protected":false},"excerpt":{"rendered":"<p>Los legisladores calificaron de \u201cinaceptables las explicaciones para la familia del menor que las autoridades de gobierno y que hablen de \u00aberror\u00bb.<\/p>\n","protected":false},"author":1,"featured_media":12960,"comment_status":"closed","ping_status":"closed","sticky":false,"template":"","format":"standard","meta":{"footnotes":""},"categories":[6],"tags":[337,273,132,247,133,52],"class_list":["post-12959","post","type-post","status-publish","format-standard","has-post-thumbnail","hentry","category-politica","tag-informacion","tag-noticias","tag-osorno","tag-region-de-los-lagos","tag-semanario-local","tag-udi"],"_links":{"self":[{"href":"https:\/\/www.semanariolocal.cl\/index.php?rest_route=\/wp\/v2\/posts\/12959","targetHints":{"allow":["GET"]}}],"collection":[{"href":"https:\/\/www.semanariolocal.cl\/index.php?rest_route=\/wp\/v2\/posts"}],"about":[{"href":"https:\/\/www.semanariolocal.cl\/index.php?rest_route=\/wp\/v2\/types\/post"}],"author":[{"embeddable":true,"href":"https:\/\/www.semanariolocal.cl\/index.php?rest_route=\/wp\/v2\/users\/1"}],"replies":[{"embeddable":true,"href":"https:\/\/www.semanariolocal.cl\/index.php?rest_route=%2Fwp%2Fv2%2Fcomments&post=12959"}],"version-history":[{"count":1,"href":"https:\/\/www.semanariolocal.cl\/index.php?rest_route=\/wp\/v2\/posts\/12959\/revisions"}],"predecessor-version":[{"id":12962,"href":"https:\/\/www.semanariolocal.cl\/index.php?rest_route=\/wp\/v2\/posts\/12959\/revisions\/12962"}],"wp:featuredmedia":[{"embeddable":true,"href":"https:\/\/www.semanariolocal.cl\/index.php?rest_route=\/wp\/v2\/media\/12960"}],"wp:attachment":[{"href":"https:\/\/www.semanariolocal.cl\/index.php?rest_route=%2Fwp%2Fv2%2Fmedia&parent=12959"}],"wp:term":[{"taxonomy":"category","embeddable":true,"href":"https:\/\/www.semanariolocal.cl\/index.php?rest_route=%2Fwp%2Fv2%2Fcategories&post=12959"},{"taxonomy":"post_tag","embeddable":true,"href":"https:\/\/www.semanariolocal.cl\/index.php?rest_route=%2Fwp%2Fv2%2Ftags&post=12959"}],"curies":[{"name":"wp","href":"https:\/\/api.w.org\/{rel}","templated":true}]}}